[{"command":"invoke","selector":null,"method":"pitGutSearchScrolltop","args":[]},{"command":"insert","method":"replaceWith","selector":".js-pit-search-content","data":"\n\n\u003Cdiv class=\u0022js-pit-search-content\u0022\u003E\n\n        \u003Cdiv class=\u0022row\u0022\u003E\n      \u003Cdiv class=\u0022column small-12 pit-search-filter-inner\u0022\u003E\n                  \u003Cbutton aria-label=\u0022Supprimer le filtre Citoyennet\u00e9 \u0026amp; communication\u0022 class=\u0022js-pit-search-filter-details pit-search-filter-details button\u0022 data-type=\u0022\u0022 data-input=\u0022edit-field-theme\u0022  data-value=\u0022207\u0022\u003E\n            \u003Cspan class=\u0022button-txt\u0022 aria-hidden=\u0022true\u0022\u003ECitoyennet\u00e9 \u0026amp; communication\u003C\/span\u003E\n          \u003C\/button\u003E\n              \u003C\/div\u003E\n    \u003C\/div\u003E\n  \n\t\u003Cdiv class=\u0022search-list\u0022\u003E\n\t\t\u003Cdiv class=\u0022row\u0022\u003E\n\t\t\t\u003Cdiv class=\u0022column small-12\u0022\u003E\n\n\t\t\t\t\t\t\t\t\n\t\t\t\t\t\t\t\t\t\t\u003Cp class=\u0022search-list-results\u0022\u003E\u003Cspan class=\u0022search-list-results-count\u0022\u003E\u003C\/span\u003E r\u00e9sultat(s)\u003C\/p\u003E\n\n\t\t\t\t\t\t\t\t\t\t\u003Cdiv class=\u0022row\u0022\u003E\n\n\t\t\t\t\t\t\t\t\t\t\t\t\t\n\t\t\t\t\t\t\t\u003Cdiv class=\u0022column small-12 medium-6 large-6 js-fade-scroll\u0022\u003E\n\t\t\t\t\t\t\t\t\t\n\n  \u003Carticle class=\u0022node node--type-news node--view-mode-news-list-sticky\u0022\u003E\n\n    \u003Cdiv class=\u0022news-list-header\u0022\u003E\n            \n            \u003Cdiv class=\u0022field field--name-field-image field--type-image field--label-hidden field__item\u0022\u003E  \u003Cimg loading=\u0022lazy\u0022 class=\u0022field-image-img image-style-news-list-sticky\u0022 src=\u0022\/sites\/default\/files\/styles\/news_list_sticky\/public\/news_illustrations\/conteneur%20poubelles_1.jpg?itok=gfiF8a8K\u0022 width=\u0022650\u0022 height=\u0022425\u0022 alt=\u0022conteneurs noirs pour les ordures m\u00e9nag\u00e8res\u0022 \/\u003E\n\n\n\u003C\/div\u003E\n      \n\n            \u003Cdiv class=\u0022news-list-content\u0022\u003E\n        \u003Cdiv class=\u0022news-list-metas\u0022\u003E\n                    \n            \u003Cdiv class=\u0022field field--name-field-theme field--type-entity-reference field--label-hidden field__item\u0022\u003ECitoyennet\u00e9 \u0026amp; communication\u003C\/div\u003E\n      \n\n                  \u003C\/div\u003E\n\n        \u003Cp class=\u0022news-list-title\u0022\u003E\n          \u003Ca href=\u0022\/actualites\/feries-du-mois-de-maimodification-de-la-collecte-des-dechets\u0022 rel=\u0022bookmark\u0022 title=\u0022F\u00e9ri\u00e9s du mois de mai_modification de la collecte des d\u00e9chets\u0022 class=\u0022news-list-link\u0022\u003E\u003Cspan class=\u0022field field--name-title field--type-string field--label-hidden\u0022\u003EF\u00e9ri\u00e9s du mois de mai_modification de la collecte des d\u00e9chets\u003C\/span\u003E\n\u003C\/a\u003E\n        \u003C\/p\u003E\n      \u003C\/div\u003E\n    \u003C\/div\u003E\n\n  \u003C\/article\u003E\n\n\n\t\t\t\t\t\t\t\u003C\/div\u003E\n\n\t\t\t\t\t\t\t\t\t\t\t\t\t\n\t\t\t\t\t\t\t\u003Cdiv class=\u0022column small-12 medium-6 large-3 js-fade-scroll\u0022\u003E\n\t\t\t\t\t\t\t\t\t\n \n  \u003Carticle class=\u0022node node--type-news node--view-mode-news-list\u0022\u003E\n\n    \u003Cdiv class=\u0022news-list-header\u0022\u003E\n            \n            \u003Cdiv class=\u0022field field--name-field-image field--type-image field--label-hidden field__item\u0022\u003E  \u003Cimg loading=\u0022lazy\u0022 class=\u0022field-image-img image-style-news-list\u0022 src=\u0022\/sites\/default\/files\/styles\/news_list\/public\/news_illustrations\/Mairie_3.jpg?itok=tu0VzqEg\u0022 width=\u0022320\u0022 height=\u0022290\u0022 alt=\u0022Vue de la mairie de Dissay\u0022 \/\u003E\n\n\n\u003C\/div\u003E\n      \n    \u003C\/div\u003E\n\n    \u003Cdiv class=\u0022news-list-content\u0022\u003E\n      \u003Cdiv class=\u0022news-list-metas\u0022\u003E\n                \n            \u003Cdiv class=\u0022field field--name-field-theme field--type-entity-reference field--label-hidden field__item\u0022\u003ECitoyennet\u00e9 \u0026amp; communication\u003C\/div\u003E\n      \n\n              \u003C\/div\u003E\n\n      \u003Cp class=\u0022news-list-title\u0022\u003E\n        \u003Ca href=\u0022\/actualites\/composition-du-conseil-municipal-2026-2032\u0022 rel=\u0022bookmark\u0022 title=\u0022Composition du Conseil municipal 2026-2032\u0022 class=\u0022news-list-link\u0022\u003E\u003Cspan class=\u0022field field--name-title field--type-string field--label-hidden\u0022\u003EComposition du Conseil municipal 2026-2032\u003C\/span\u003E\n\u003C\/a\u003E\n      \u003C\/p\u003E\n    \u003C\/div\u003E\n\n  \u003C\/article\u003E\n\n\t\t\t\t\t\t\t\u003C\/div\u003E\n\n\t\t\t\t\t\t\t\t\t\t\t\t\t\n\t\t\t\t\t\t\t\u003Cdiv class=\u0022column small-12 medium-6 large-3 js-fade-scroll\u0022\u003E\n\t\t\t\t\t\t\t\t\t\n \n  \u003Carticle class=\u0022node node--type-news node--view-mode-news-list\u0022\u003E\n\n    \u003Cdiv class=\u0022news-list-header\u0022\u003E\n            \n            \u003Cdiv class=\u0022field field--name-field-image field--type-image field--label-hidden field__item\u0022\u003E  \u003Cimg loading=\u0022lazy\u0022 class=\u0022field-image-img image-style-news-list\u0022 src=\u0022\/sites\/default\/files\/styles\/news_list\/public\/news_illustrations\/2026_affiche_formation_referent_composteur.jpg?itok=r4UOsf77\u0022 width=\u0022320\u0022 height=\u0022290\u0022 alt=\u0022Affiche annoncant les formations de r\u00e9f\u00e9rent composteur\u0022 \/\u003E\n\n\n\u003C\/div\u003E\n      \n    \u003C\/div\u003E\n\n    \u003Cdiv class=\u0022news-list-content\u0022\u003E\n      \u003Cdiv class=\u0022news-list-metas\u0022\u003E\n                \n            \u003Cdiv class=\u0022field field--name-field-theme field--type-entity-reference field--label-hidden field__item\u0022\u003ECitoyennet\u00e9 \u0026amp; communication\u003C\/div\u003E\n      \n\n              \u003C\/div\u003E\n\n      \u003Cp class=\u0022news-list-title\u0022\u003E\n        \u003Ca href=\u0022\/actualites\/devenez-referent-composteur\u0022 rel=\u0022bookmark\u0022 title=\u0022Devenez r\u00e9f\u00e9rent composteur\u0022 class=\u0022news-list-link\u0022\u003E\u003Cspan class=\u0022field field--name-title field--type-string field--label-hidden\u0022\u003EDevenez r\u00e9f\u00e9rent composteur\u003C\/span\u003E\n\u003C\/a\u003E\n      \u003C\/p\u003E\n    \u003C\/div\u003E\n\n  \u003C\/article\u003E\n\n\t\t\t\t\t\t\t\u003C\/div\u003E\n\n\t\t\t\t\t\t\t\t\t\t\t\t\t\n\t\t\t\t\t\t\t\u003Cdiv class=\u0022column small-12 medium-6 large-3 js-fade-scroll\u0022\u003E\n\t\t\t\t\t\t\t\t\t\n \n  \u003Carticle class=\u0022node node--type-news node--view-mode-news-list\u0022\u003E\n\n    \u003Cdiv class=\u0022news-list-header\u0022\u003E\n            \n            \u003Cdiv class=\u0022field field--name-field-image field--type-image field--label-hidden field__item\u0022\u003E  \u003Cimg loading=\u0022lazy\u0022 class=\u0022field-image-img image-style-news-list\u0022 src=\u0022\/sites\/default\/files\/styles\/news_list\/public\/news_illustrations\/Urne_dessin_0.png?itok=Pk74jOH7\u0022 width=\u0022320\u0022 height=\u0022290\u0022 alt=\u0022Dessin d\u0026#039;une urne et d\u0026#039;une envloppe de vote\u0022 \/\u003E\n\n\n\u003C\/div\u003E\n      \n    \u003C\/div\u003E\n\n    \u003Cdiv class=\u0022news-list-content\u0022\u003E\n      \u003Cdiv class=\u0022news-list-metas\u0022\u003E\n                \n            \u003Cdiv class=\u0022field field--name-field-theme field--type-entity-reference field--label-hidden field__item\u0022\u003ECitoyennet\u00e9 \u0026amp; communication\u003C\/div\u003E\n      \n\n              \u003C\/div\u003E\n\n      \u003Cp class=\u0022news-list-title\u0022\u003E\n        \u003Ca href=\u0022\/actualites\/resultat-de-lelection-municipale-du-15-mars-2026-dissay\u0022 rel=\u0022bookmark\u0022 title=\u0022R\u00e9sultat de l\u0026#039;\u00e9lection municipale du 15 mars 2026 \u00e0 Dissay\u0022 class=\u0022news-list-link\u0022\u003E\u003Cspan class=\u0022field field--name-title field--type-string field--label-hidden\u0022\u003ER\u00e9sultat de l\u0026#039;\u00e9lection municipale du 15 mars 2026 \u00e0 Dissay\u003C\/span\u003E\n\u003C\/a\u003E\n      \u003C\/p\u003E\n    \u003C\/div\u003E\n\n  \u003C\/article\u003E\n\n\t\t\t\t\t\t\t\u003C\/div\u003E\n\n\t\t\t\t\t\t\t\t\t\t\t\t\t\n\t\t\t\t\t\t\t\u003Cdiv class=\u0022column small-12 medium-6 large-3 js-fade-scroll\u0022\u003E\n\t\t\t\t\t\t\t\t\t\n \n  \u003Carticle class=\u0022node node--type-news node--view-mode-news-list\u0022\u003E\n\n    \u003Cdiv class=\u0022news-list-header\u0022\u003E\n            \n            \u003Cdiv class=\u0022field field--name-field-image field--type-image field--label-hidden field__item\u0022\u003E  \u003Cimg loading=\u0022lazy\u0022 class=\u0022field-image-img image-style-news-list\u0022 src=\u0022\/sites\/default\/files\/styles\/news_list\/public\/events_illustrations\/Mairie.jpg?itok=AcUqLTF1\u0022 width=\u0022320\u0022 height=\u0022290\u0022 alt=\u0022Vue de la mairie de Dissay\u0022 \/\u003E\n\n\n\u003C\/div\u003E\n      \n    \u003C\/div\u003E\n\n    \u003Cdiv class=\u0022news-list-content\u0022\u003E\n      \u003Cdiv class=\u0022news-list-metas\u0022\u003E\n                \n            \u003Cdiv class=\u0022field field--name-field-theme field--type-entity-reference field--label-hidden field__item\u0022\u003ECitoyennet\u00e9 \u0026amp; communication\u003C\/div\u003E\n      \n\n              \u003C\/div\u003E\n\n      \u003Cp class=\u0022news-list-title\u0022\u003E\n        \u003Ca href=\u0022\/actualites\/reunion-du-conseil-municipal\u0022 rel=\u0022bookmark\u0022 title=\u0022R\u00e9union du Conseil municipal\u0022 class=\u0022news-list-link\u0022\u003E\u003Cspan class=\u0022field field--name-title field--type-string field--label-hidden\u0022\u003ER\u00e9union du Conseil municipal\u003C\/span\u003E\n\u003C\/a\u003E\n      \u003C\/p\u003E\n    \u003C\/div\u003E\n\n  \u003C\/article\u003E\n\n\t\t\t\t\t\t\t\u003C\/div\u003E\n\n\t\t\t\t\t\t\t\t\t\t\t\t\t\n\t\t\t\t\t\t\t\u003Cdiv class=\u0022column small-12 medium-6 large-3 js-fade-scroll\u0022\u003E\n\t\t\t\t\t\t\t\t\t\n \n  \u003Carticle class=\u0022node node--type-news node--view-mode-news-list\u0022\u003E\n\n    \u003Cdiv class=\u0022news-list-header\u0022\u003E\n            \n            \u003Cdiv class=\u0022field field--name-field-image field--type-image field--label-hidden field__item\u0022\u003E  \u003Cimg loading=\u0022lazy\u0022 class=\u0022field-image-img image-style-news-list\u0022 src=\u0022\/sites\/default\/files\/styles\/news_list\/public\/news_illustrations\/Couverture.jpg?itok=pFozCrT-\u0022 width=\u0022320\u0022 height=\u0022290\u0022 alt=\u0022Couverture du Dissay les \u00e9chos du premier semestre de 2026.\u0022 \/\u003E\n\n\n\u003C\/div\u003E\n      \n    \u003C\/div\u003E\n\n    \u003Cdiv class=\u0022news-list-content\u0022\u003E\n      \u003Cdiv class=\u0022news-list-metas\u0022\u003E\n                \n            \u003Cdiv class=\u0022field field--name-field-theme field--type-entity-reference field--label-hidden field__item\u0022\u003ECitoyennet\u00e9 \u0026amp; communication\u003C\/div\u003E\n      \n\n              \u003C\/div\u003E\n\n      \u003Cp class=\u0022news-list-title\u0022\u003E\n        \u003Ca href=\u0022\/actualites\/dissay-les-echos-1\u0022 rel=\u0022bookmark\u0022 title=\u0022Dissay les \u00e9chos\u0022 class=\u0022news-list-link\u0022\u003E\u003Cspan class=\u0022field field--name-title field--type-string field--label-hidden\u0022\u003EDissay les \u00e9chos\u003C\/span\u003E\n\u003C\/a\u003E\n      \u003C\/p\u003E\n    \u003C\/div\u003E\n\n  \u003C\/article\u003E\n\n\t\t\t\t\t\t\t\u003C\/div\u003E\n\n\t\t\t\t\t\t\t\t\t\t\t\t\t\n\t\t\t\t\t\t\t\u003Cdiv class=\u0022column small-12 medium-6 large-3 js-fade-scroll\u0022\u003E\n\t\t\t\t\t\t\t\t\t\n \n  \u003Carticle class=\u0022node node--type-news node--view-mode-news-list\u0022\u003E\n\n    \u003Cdiv class=\u0022news-list-header\u0022\u003E\n            \n            \u003Cdiv class=\u0022field field--name-field-image field--type-image field--label-hidden field__item\u0022\u003E  \u003Cimg loading=\u0022lazy\u0022 class=\u0022field-image-img image-style-news-list\u0022 src=\u0022\/sites\/default\/files\/styles\/news_list\/public\/news_illustrations\/Couverture_Agenda_2026.JPG?itok=i0mnHMEj\u0022 width=\u0022320\u0022 height=\u0022290\u0022 alt=\u0022Vue de la couverture de l\u0026#039;agenda 2026\u0022 \/\u003E\n\n\n\u003C\/div\u003E\n      \n    \u003C\/div\u003E\n\n    \u003Cdiv class=\u0022news-list-content\u0022\u003E\n      \u003Cdiv class=\u0022news-list-metas\u0022\u003E\n                \n            \u003Cdiv class=\u0022field field--name-field-theme field--type-entity-reference field--label-hidden field__item\u0022\u003ECitoyennet\u00e9 \u0026amp; communication\u003C\/div\u003E\n      \n\n              \u003C\/div\u003E\n\n      \u003Cp class=\u0022news-list-title\u0022\u003E\n        \u003Ca href=\u0022\/actualites\/agenda-de-dissay-2026\u0022 rel=\u0022bookmark\u0022 title=\u0022Agenda de Dissay 2026\u0022 class=\u0022news-list-link\u0022\u003E\u003Cspan class=\u0022field field--name-title field--type-string field--label-hidden\u0022\u003EAgenda de Dissay 2026\u003C\/span\u003E\n\u003C\/a\u003E\n      \u003C\/p\u003E\n    \u003C\/div\u003E\n\n  \u003C\/article\u003E\n\n\t\t\t\t\t\t\t\u003C\/div\u003E\n\n\t\t\t\t\t\t\t\t\t\t\t\t\t\n\t\t\t\t\t\t\t\u003Cdiv class=\u0022column small-12 medium-6 large-3 js-fade-scroll\u0022\u003E\n\t\t\t\t\t\t\t\t\t\n \n  \u003Carticle class=\u0022node node--type-news node--view-mode-news-list\u0022\u003E\n\n    \u003Cdiv class=\u0022news-list-header\u0022\u003E\n            \n            \u003Cdiv class=\u0022field field--name-field-image field--type-image field--label-hidden field__item\u0022\u003E  \u003Cimg loading=\u0022lazy\u0022 class=\u0022field-image-img image-style-news-list\u0022 src=\u0022\/sites\/default\/files\/styles\/news_list\/public\/news_illustrations\/DISSAY-VOEUX-118x175-1.jpg?itok=TdpdE69_\u0022 width=\u0022320\u0022 height=\u0022290\u0022 alt=\u0022Affiche des voeux 2026 de l\u0026#039;\u00e9quipe municipale de Dissay\u0022 \/\u003E\n\n\n\u003C\/div\u003E\n      \n    \u003C\/div\u003E\n\n    \u003Cdiv class=\u0022news-list-content\u0022\u003E\n      \u003Cdiv class=\u0022news-list-metas\u0022\u003E\n                \n            \u003Cdiv class=\u0022field field--name-field-theme field--type-entity-reference field--label-hidden field__item\u0022\u003ECitoyennet\u00e9 \u0026amp; communication\u003C\/div\u003E\n      \n\n              \u003C\/div\u003E\n\n      \u003Cp class=\u0022news-list-title\u0022\u003E\n        \u003Ca href=\u0022\/actualites\/voeux-2026\u0022 rel=\u0022bookmark\u0022 title=\u0022Voeux 2026\u0022 class=\u0022news-list-link\u0022\u003E\u003Cspan class=\u0022field field--name-title field--type-string field--label-hidden\u0022\u003EVoeux 2026\u003C\/span\u003E\n\u003C\/a\u003E\n      \u003C\/p\u003E\n    \u003C\/div\u003E\n\n  \u003C\/article\u003E\n\n\t\t\t\t\t\t\t\u003C\/div\u003E\n\n\t\t\t\t\t\t\t\t\t\t\t\t\t\n\t\t\t\t\t\t\t\u003Cdiv class=\u0022column small-12 medium-6 large-3 js-fade-scroll\u0022\u003E\n\t\t\t\t\t\t\t\t\t\n \n  \u003Carticle class=\u0022node node--type-news node--view-mode-news-list\u0022\u003E\n\n    \u003Cdiv class=\u0022news-list-header\u0022\u003E\n            \n            \u003Cdiv class=\u0022field field--name-field-image field--type-image field--label-hidden field__item\u0022\u003E  \u003Cimg loading=\u0022lazy\u0022 class=\u0022field-image-img image-style-news-list\u0022 src=\u0022\/sites\/default\/files\/styles\/news_list\/public\/news_illustrations\/2026.jpg?itok=DApVTIyD\u0022 width=\u0022320\u0022 height=\u0022290\u0022 alt=\u0022Visuel 2026\u0022 \/\u003E\n\n\n\u003C\/div\u003E\n      \n    \u003C\/div\u003E\n\n    \u003Cdiv class=\u0022news-list-content\u0022\u003E\n      \u003Cdiv class=\u0022news-list-metas\u0022\u003E\n                \n            \u003Cdiv class=\u0022field field--name-field-theme field--type-entity-reference field--label-hidden field__item\u0022\u003ECitoyennet\u00e9 \u0026amp; communication\u003C\/div\u003E\n      \n\n              \u003C\/div\u003E\n\n      \u003Cp class=\u0022news-list-title\u0022\u003E\n        \u003Ca href=\u0022\/actualites\/ceremonie-des-voeux\u0022 rel=\u0022bookmark\u0022 title=\u0022C\u00e9r\u00e9monie des voeux\u0022 class=\u0022news-list-link\u0022\u003E\u003Cspan class=\u0022field field--name-title field--type-string field--label-hidden\u0022\u003EC\u00e9r\u00e9monie des voeux\u003C\/span\u003E\n\u003C\/a\u003E\n      \u003C\/p\u003E\n    \u003C\/div\u003E\n\n  \u003C\/article\u003E\n\n\t\t\t\t\t\t\t\u003C\/div\u003E\n\n\t\t\t\t\t\t\t\t\t\t\t\t\t\n\t\t\t\t\t\t\t\u003Cdiv class=\u0022column small-12 medium-6 large-3 js-fade-scroll\u0022\u003E\n\t\t\t\t\t\t\t\t\t\n \n  \u003Carticle class=\u0022node node--type-news node--view-mode-news-list\u0022\u003E\n\n    \u003Cdiv class=\u0022news-list-header\u0022\u003E\n            \n            \u003Cdiv class=\u0022field field--name-field-image field--type-image field--label-hidden field__item\u0022\u003E  \u003Cimg loading=\u0022lazy\u0022 class=\u0022field-image-img image-style-news-list\u0022 src=\u0022\/sites\/default\/files\/styles\/news_list\/public\/news_illustrations\/pompiers.png?itok=dqD0inj_\u0022 width=\u0022320\u0022 height=\u0022290\u0022 alt=\u0022Photo de sapeurs pompiers de Saint Georges L\u00e8s Baillargeaux\u0022 \/\u003E\n\n\n\u003C\/div\u003E\n      \n    \u003C\/div\u003E\n\n    \u003Cdiv class=\u0022news-list-content\u0022\u003E\n      \u003Cdiv class=\u0022news-list-metas\u0022\u003E\n                \n            \u003Cdiv class=\u0022field field--name-field-theme field--type-entity-reference field--label-hidden field__item\u0022\u003ECitoyennet\u00e9 \u0026amp; communication\u003C\/div\u003E\n      \n\n              \u003C\/div\u003E\n\n      \u003Cp class=\u0022news-list-title\u0022\u003E\n        \u003Ca href=\u0022\/actualites\/calendrier-des-sapeurs-pompiers\u0022 rel=\u0022bookmark\u0022 title=\u0022Calendrier des sapeurs-pompiers\u0022 class=\u0022news-list-link\u0022\u003E\u003Cspan class=\u0022field field--name-title field--type-string field--label-hidden\u0022\u003ECalendrier des sapeurs-pompiers\u003C\/span\u003E\n\u003C\/a\u003E\n      \u003C\/p\u003E\n    \u003C\/div\u003E\n\n  \u003C\/article\u003E\n\n\t\t\t\t\t\t\t\u003C\/div\u003E\n\n\t\t\t\t\t\t\t\t\t\t\t\t\t\n\t\t\t\t\t\t\t\u003Cdiv class=\u0022column small-12 medium-6 large-3 js-fade-scroll\u0022\u003E\n\t\t\t\t\t\t\t\t\t\n \n  \u003Carticle class=\u0022node node--type-news node--view-mode-news-list\u0022\u003E\n\n    \u003Cdiv class=\u0022news-list-header\u0022\u003E\n            \n            \u003Cdiv class=\u0022field field--name-field-image field--type-image field--label-hidden field__item\u0022\u003E  \u003Cimg loading=\u0022lazy\u0022 class=\u0022field-image-img image-style-news-list\u0022 src=\u0022\/sites\/default\/files\/styles\/news_list\/public\/news_illustrations\/SE25-Format_carre_1080x1080px%281%29.png?itok=TjHKc8nn\u0022 width=\u0022320\u0022 height=\u0022290\u0022 alt=\u0022Affiche de l\u0026#039;\u00e9v\u00e9nement\u0022 \/\u003E\n\n\n\u003C\/div\u003E\n      \n    \u003C\/div\u003E\n\n    \u003Cdiv class=\u0022news-list-content\u0022\u003E\n      \u003Cdiv class=\u0022news-list-metas\u0022\u003E\n                \n            \u003Cdiv class=\u0022field field--name-field-theme field--type-entity-reference field--label-hidden field__item\u0022\u003ECitoyennet\u00e9 \u0026amp; communication\u003C\/div\u003E\n      \n\n              \u003C\/div\u003E\n\n      \u003Cp class=\u0022news-list-title\u0022\u003E\n        \u003Ca href=\u0022\/actualites\/semaine-de-lemploi-de-grand-poitiers\u0022 rel=\u0022bookmark\u0022 title=\u0022SEMAINE DE L\u2019EMPLOI DE GRAND POITIERS\u0022 class=\u0022news-list-link\u0022\u003E\u003Cspan class=\u0022field field--name-title field--type-string field--label-hidden\u0022\u003ESEMAINE DE L\u2019EMPLOI DE GRAND POITIERS\u003C\/span\u003E\n\u003C\/a\u003E\n      \u003C\/p\u003E\n    \u003C\/div\u003E\n\n  \u003C\/article\u003E\n\n\t\t\t\t\t\t\t\u003C\/div\u003E\n\n\t\t\t\t\t\t\t\t\t\t\t\t\t\n\t\t\t\t\t\t\t\u003Cdiv class=\u0022column small-12 medium-6 large-3 js-fade-scroll\u0022\u003E\n\t\t\t\t\t\t\t\t\t\n \n  \u003Carticle class=\u0022node node--type-news node--view-mode-news-list\u0022\u003E\n\n    \u003Cdiv class=\u0022news-list-header\u0022\u003E\n            \n            \u003Cdiv class=\u0022field field--name-field-image field--type-image field--label-hidden field__item\u0022\u003E  \u003Cimg loading=\u0022lazy\u0022 class=\u0022field-image-img image-style-news-list\u0022 src=\u0022\/sites\/default\/files\/styles\/news_list\/public\/news_illustrations\/enquete_deplacements.jpg?itok=F__E1OYm\u0022 width=\u0022320\u0022 height=\u0022290\u0022 alt=\u0022Visuel de l\u0026#039;enqu\u00eate : dessin d\u0026#039;une voirie avec des v\u00e9hicules des deux-roues et des pi\u00e9tons\u0022 \/\u003E\n\n\n\u003C\/div\u003E\n      \n    \u003C\/div\u003E\n\n    \u003Cdiv class=\u0022news-list-content\u0022\u003E\n      \u003Cdiv class=\u0022news-list-metas\u0022\u003E\n                \n            \u003Cdiv class=\u0022field field--name-field-theme field--type-entity-reference field--label-hidden field__item\u0022\u003ECitoyennet\u00e9 \u0026amp; communication\u003C\/div\u003E\n      \n\n              \u003C\/div\u003E\n\n      \u003Cp class=\u0022news-list-title\u0022\u003E\n        \u003Ca href=\u0022\/actualites\/enquete-sur-les-deplacements-des-menages\u0022 rel=\u0022bookmark\u0022 title=\u0022Enqu\u00eate sur les d\u00e9placements des m\u00e9nages\u0022 class=\u0022news-list-link\u0022\u003E\u003Cspan class=\u0022field field--name-title field--type-string field--label-hidden\u0022\u003EEnqu\u00eate sur les d\u00e9placements des m\u00e9nages\u003C\/span\u003E\n\u003C\/a\u003E\n      \u003C\/p\u003E\n    \u003C\/div\u003E\n\n  \u003C\/article\u003E\n\n\t\t\t\t\t\t\t\u003C\/div\u003E\n\n\t\t\t\t\t\t\t\t\t\t\t\t\t\n\t\t\t\t\t\t\t\u003Cdiv class=\u0022column small-12 medium-6 large-3 js-fade-scroll\u0022\u003E\n\t\t\t\t\t\t\t\t\t\n \n  \u003Carticle class=\u0022node node--type-news node--view-mode-news-list\u0022\u003E\n\n    \u003Cdiv class=\u0022news-list-header\u0022\u003E\n            \n            \u003Cdiv class=\u0022field field--name-field-image field--type-image field--label-hidden field__item\u0022\u003E  \u003Cimg loading=\u0022lazy\u0022 class=\u0022field-image-img image-style-news-list\u0022 src=\u0022\/sites\/default\/files\/styles\/news_list\/public\/news_illustrations\/Couverture_DLE_2025-2.JPG?itok=Bng9OxLF\u0022 width=\u0022320\u0022 height=\u0022290\u0022 alt=\u0022Couverture du Dissay les \u00c9chos du 2e semestre de 2025\u0022 \/\u003E\n\n\n\u003C\/div\u003E\n      \n    \u003C\/div\u003E\n\n    \u003Cdiv class=\u0022news-list-content\u0022\u003E\n      \u003Cdiv class=\u0022news-list-metas\u0022\u003E\n                \n            \u003Cdiv class=\u0022field field--name-field-theme field--type-entity-reference field--label-hidden field__item\u0022\u003ECitoyennet\u00e9 \u0026amp; communication\u003C\/div\u003E\n      \n\n              \u003C\/div\u003E\n\n      \u003Cp class=\u0022news-list-title\u0022\u003E\n        \u003Ca href=\u0022\/actualites\/dissay-les-echos-0\u0022 rel=\u0022bookmark\u0022 title=\u0022Dissay les \u00c9chos\u0022 class=\u0022news-list-link\u0022\u003E\u003Cspan class=\u0022field field--name-title field--type-string field--label-hidden\u0022\u003EDissay les \u00c9chos\u003C\/span\u003E\n\u003C\/a\u003E\n      \u003C\/p\u003E\n    \u003C\/div\u003E\n\n  \u003C\/article\u003E\n\n\t\t\t\t\t\t\t\u003C\/div\u003E\n\n\t\t\t\t\t\t\t\t\t\t\t\t\t\n\t\t\t\t\t\t\t\u003Cdiv class=\u0022column small-12 medium-6 large-3 js-fade-scroll\u0022\u003E\n\t\t\t\t\t\t\t\t\t\n \n  \u003Carticle class=\u0022node node--type-news node--view-mode-news-list\u0022\u003E\n\n    \u003Cdiv class=\u0022news-list-header\u0022\u003E\n            \n            \u003Cdiv class=\u0022field field--name-field-image field--type-image field--label-hidden field__item\u0022\u003E  \u003Cimg loading=\u0022lazy\u0022 class=\u0022field-image-img image-style-news-list\u0022 src=\u0022\/sites\/default\/files\/styles\/news_list\/public\/news_illustrations\/travaux%20rue%20des%20meuniers.png?itok=yWuIZflP\u0022 width=\u0022320\u0022 height=\u0022290\u0022 alt=\u0022affiche du panneau de chantier d\u0026#039;informations des travaux\u0022 \/\u003E\n\n\n\u003C\/div\u003E\n      \n    \u003C\/div\u003E\n\n    \u003Cdiv class=\u0022news-list-content\u0022\u003E\n      \u003Cdiv class=\u0022news-list-metas\u0022\u003E\n                \n            \u003Cdiv class=\u0022field field--name-field-theme field--type-entity-reference field--label-hidden field__item\u0022\u003ECitoyennet\u00e9 \u0026amp; communication\u003C\/div\u003E\n      \n\n              \u003C\/div\u003E\n\n      \u003Cp class=\u0022news-list-title\u0022\u003E\n        \u003Ca href=\u0022\/actualites\/travaux-chemin-des-meuniers\u0022 rel=\u0022bookmark\u0022 title=\u0022Travaux chemin des meuniers\u0022 class=\u0022news-list-link\u0022\u003E\u003Cspan class=\u0022field field--name-title field--type-string field--label-hidden\u0022\u003ETravaux chemin des meuniers\u003C\/span\u003E\n\u003C\/a\u003E\n      \u003C\/p\u003E\n    \u003C\/div\u003E\n\n  \u003C\/article\u003E\n\n\t\t\t\t\t\t\t\u003C\/div\u003E\n\n\t\t\t\t\t\t\t\t\t\t\t\t\t\n\t\t\t\t\t\t\t\u003Cdiv class=\u0022column small-12 medium-6 large-3 js-fade-scroll\u0022\u003E\n\t\t\t\t\t\t\t\t\t\n \n  \u003Carticle class=\u0022node node--type-news node--view-mode-news-list\u0022\u003E\n\n    \u003Cdiv class=\u0022news-list-header\u0022\u003E\n            \n            \u003Cdiv class=\u0022field field--name-field-image field--type-image field--label-hidden field__item\u0022\u003E  \u003Cimg loading=\u0022lazy\u0022 class=\u0022field-image-img image-style-news-list\u0022 src=\u0022\/sites\/default\/files\/styles\/news_list\/public\/news_illustrations\/canicule.jpg?itok=M7mwxMUh\u0022 width=\u0022320\u0022 height=\u0022290\u0022 alt=\u0022image du soleil et d\u0026#039;un brin de c\u00e9r\u00e9ale\u0022 \/\u003E\n\n\n\u003C\/div\u003E\n      \n    \u003C\/div\u003E\n\n    \u003Cdiv class=\u0022news-list-content\u0022\u003E\n      \u003Cdiv class=\u0022news-list-metas\u0022\u003E\n                \n            \u003Cdiv class=\u0022field field--name-field-theme field--type-entity-reference field--label-hidden field__item\u0022\u003ECitoyennet\u00e9 \u0026amp; communication\u003C\/div\u003E\n      \n\n              \u003C\/div\u003E\n\n      \u003Cp class=\u0022news-list-title\u0022\u003E\n        \u003Ca href=\u0022\/actualites\/canicule-reglementation-des-usages-de-leau\u0022 rel=\u0022bookmark\u0022 title=\u0022CANICULE : r\u00e8glementation des usages de l\u0026#039;eau\u0022 class=\u0022news-list-link\u0022\u003E\u003Cspan class=\u0022field field--name-title field--type-string field--label-hidden\u0022\u003ECANICULE : r\u00e8glementation des usages de l\u0026#039;eau\u003C\/span\u003E\n\u003C\/a\u003E\n      \u003C\/p\u003E\n    \u003C\/div\u003E\n\n  \u003C\/article\u003E\n\n\t\t\t\t\t\t\t\u003C\/div\u003E\n\n\t\t\t\t\t\t\t\t\t\t\t\t\t\n\t\t\t\t\t\t\t\u003Cdiv class=\u0022column small-12 medium-6 large-3 js-fade-scroll\u0022\u003E\n\t\t\t\t\t\t\t\t\t\n \n  \u003Carticle class=\u0022node node--type-news node--view-mode-news-list\u0022\u003E\n\n    \u003Cdiv class=\u0022news-list-header\u0022\u003E\n            \n            \u003Cdiv class=\u0022field field--name-field-image field--type-image field--label-hidden field__item\u0022\u003E  \u003Cimg loading=\u0022lazy\u0022 class=\u0022field-image-img image-style-news-list\u0022 src=\u0022\/sites\/default\/files\/styles\/news_list\/public\/news_illustrations\/Pony_2025.jpg?itok=ObJkO5b_\u0022 width=\u0022320\u0022 height=\u0022290\u0022 alt=\u00222 v\u00e9los et 2 trotinettes Pony \u00e0 disposition dans le centre-ville de Dissay\u0022 \/\u003E\n\n\n\u003C\/div\u003E\n      \n    \u003C\/div\u003E\n\n    \u003Cdiv class=\u0022news-list-content\u0022\u003E\n      \u003Cdiv class=\u0022news-list-metas\u0022\u003E\n                \n            \u003Cdiv class=\u0022field field--name-field-theme field--type-entity-reference field--label-hidden field__item\u0022\u003ECitoyennet\u00e9 \u0026amp; communication\u003C\/div\u003E\n      \n\n              \u003C\/div\u003E\n\n      \u003Cp class=\u0022news-list-title\u0022\u003E\n        \u003Ca href=\u0022\/actualites\/velos-electriques-et-trotinettes-pony\u0022 rel=\u0022bookmark\u0022 title=\u0022V\u00e9los \u00e9lectriques et trotinettes Pony\u0022 class=\u0022news-list-link\u0022\u003E\u003Cspan class=\u0022field field--name-title field--type-string field--label-hidden\u0022\u003EV\u00e9los \u00e9lectriques et trotinettes Pony\u003C\/span\u003E\n\u003C\/a\u003E\n      \u003C\/p\u003E\n    \u003C\/div\u003E\n\n  \u003C\/article\u003E\n\n\t\t\t\t\t\t\t\u003C\/div\u003E\n\n\t\t\t\t\t\t\t\t\t\t\t\t\t\n\t\t\t\t\t\t\t\u003Cdiv class=\u0022column small-12 medium-6 large-3 js-fade-scroll\u0022\u003E\n\t\t\t\t\t\t\t\t\t\n \n  \u003Carticle class=\u0022node node--type-news node--view-mode-news-list\u0022\u003E\n\n    \u003Cdiv class=\u0022news-list-header\u0022\u003E\n            \n            \u003Cdiv class=\u0022field field--name-field-image field--type-image field--label-hidden field__item\u0022\u003E  \u003Cimg loading=\u0022lazy\u0022 class=\u0022field-image-img image-style-news-list\u0022 src=\u0022\/sites\/default\/files\/styles\/news_list\/public\/news_illustrations\/Dechetterie_Millas.JPG?itok=pXfpFlUn\u0022 width=\u0022320\u0022 height=\u0022290\u0022 alt=\u0022Vue de l\u0026#039;enytr\u00e9e de la d\u00e9chetterie des Millas \u00e0 Saint-Georges-les-Baillargeaux\u0022 \/\u003E\n\n\n\u003C\/div\u003E\n      \n    \u003C\/div\u003E\n\n    \u003Cdiv class=\u0022news-list-content\u0022\u003E\n      \u003Cdiv class=\u0022news-list-metas\u0022\u003E\n                \n            \u003Cdiv class=\u0022field field--name-field-theme field--type-entity-reference field--label-hidden field__item\u0022\u003ECitoyennet\u00e9 \u0026amp; communication\u003C\/div\u003E\n      \n\n              \u003C\/div\u003E\n\n      \u003Cp class=\u0022news-list-title\u0022\u003E\n        \u003Ca href=\u0022\/actualites\/dechetterie-horaires-dete\u0022 rel=\u0022bookmark\u0022 title=\u0022D\u00e9chetterie - horaires d\u0026#039;\u00e9t\u00e9\u0022 class=\u0022news-list-link\u0022\u003E\u003Cspan class=\u0022field field--name-title field--type-string field--label-hidden\u0022\u003ED\u00e9chetterie - horaires d\u0026#039;\u00e9t\u00e9\u003C\/span\u003E\n\u003C\/a\u003E\n      \u003C\/p\u003E\n    \u003C\/div\u003E\n\n  \u003C\/article\u003E\n\n\t\t\t\t\t\t\t\u003C\/div\u003E\n\n\t\t\t\t\t\t\t\t\t\t\t\t\t\n\t\t\t\t\t\t\t\u003Cdiv class=\u0022column small-12 medium-6 large-3 js-fade-scroll\u0022\u003E\n\t\t\t\t\t\t\t\t\t\n \n  \u003Carticle class=\u0022node node--type-news node--view-mode-news-list\u0022\u003E\n\n    \u003Cdiv class=\u0022news-list-header\u0022\u003E\n            \n            \u003Cdiv class=\u0022field field--name-field-image field--type-image field--label-hidden field__item\u0022\u003E  \u003Cimg loading=\u0022lazy\u0022 class=\u0022field-image-img image-style-news-list\u0022 src=\u0022\/sites\/default\/files\/styles\/news_list\/public\/news_illustrations\/bornes%20%C3%A9lectriques.png?itok=cvb20dse\u0022 width=\u0022320\u0022 height=\u0022290\u0022 alt=\u0022Photo d\u0026#039;une borne de recharge pour v\u00e9hicule \u00e9lectrique\u0022 \/\u003E\n\n\n\u003C\/div\u003E\n      \n    \u003C\/div\u003E\n\n    \u003Cdiv class=\u0022news-list-content\u0022\u003E\n      \u003Cdiv class=\u0022news-list-metas\u0022\u003E\n                \n            \u003Cdiv class=\u0022field field--name-field-theme field--type-entity-reference field--label-hidden field__item\u0022\u003ECitoyennet\u00e9 \u0026amp; communication\u003C\/div\u003E\n      \n\n              \u003C\/div\u003E\n\n      \u003Cp class=\u0022news-list-title\u0022\u003E\n        \u003Ca href=\u0022\/actualites\/bornes-de-recharge-electrique-pour-vehicules\u0022 rel=\u0022bookmark\u0022 title=\u0022Bornes de recharge \u00e9lectrique pour v\u00e9hicules\u0022 class=\u0022news-list-link\u0022\u003E\u003Cspan class=\u0022field field--name-title field--type-string field--label-hidden\u0022\u003EBornes de recharge \u00e9lectrique pour v\u00e9hicules\u003C\/span\u003E\n\u003C\/a\u003E\n      \u003C\/p\u003E\n    \u003C\/div\u003E\n\n  \u003C\/article\u003E\n\n\t\t\t\t\t\t\t\u003C\/div\u003E\n\n\t\t\t\t\t\t\t\t\t\t\t\t\t\n\t\t\t\t\t\t\t\u003Cdiv class=\u0022column small-12 medium-6 large-3 js-fade-scroll\u0022\u003E\n\t\t\t\t\t\t\t\t\t\n \n  \u003Carticle class=\u0022node node--type-news node--view-mode-news-list\u0022\u003E\n\n    \u003Cdiv class=\u0022news-list-header\u0022\u003E\n            \n            \u003Cdiv class=\u0022field field--name-field-image field--type-image field--label-hidden field__item\u0022\u003E  \u003Cimg loading=\u0022lazy\u0022 class=\u0022field-image-img image-style-news-list\u0022 src=\u0022\/sites\/default\/files\/styles\/news_list\/public\/news_illustrations\/e-bike-6401173_640.jpg?itok=w3ZcK_Re\u0022 width=\u0022320\u0022 height=\u0022290\u0022 alt=\u0022photo d\u0026#039;un v\u00e9lo \u00e9lectrique dans l\u0026#039;herbe \u00e0 c\u00f4t\u00e9 d\u0026#039;un bosquet\u0022 \/\u003E\n\n\n\u003C\/div\u003E\n      \n    \u003C\/div\u003E\n\n    \u003Cdiv class=\u0022news-list-content\u0022\u003E\n      \u003Cdiv class=\u0022news-list-metas\u0022\u003E\n                \n            \u003Cdiv class=\u0022field field--name-field-theme field--type-entity-reference field--label-hidden field__item\u0022\u003ECitoyennet\u00e9 \u0026amp; communication\u003C\/div\u003E\n      \n\n              \u003C\/div\u003E\n\n      \u003Cp class=\u0022news-list-title\u0022\u003E\n        \u003Ca href=\u0022\/actualites\/operation-cheque-vae-2025\u0022 rel=\u0022bookmark\u0022 title=\u0022Op\u00e9ration \u0026quot;ch\u00e8que VAE 2025\u0026quot;\u0022 class=\u0022news-list-link\u0022\u003E\u003Cspan class=\u0022field field--name-title field--type-string field--label-hidden\u0022\u003EOp\u00e9ration \u0026quot;ch\u00e8que VAE 2025\u0026quot;\u003C\/span\u003E\n\u003C\/a\u003E\n      \u003C\/p\u003E\n    \u003C\/div\u003E\n\n  \u003C\/article\u003E\n\n\t\t\t\t\t\t\t\u003C\/div\u003E\n\n\t\t\t\t\t\t\t\t\t\t\t\t\t\n\t\t\t\t\t\t\t\u003Cdiv class=\u0022column small-12 medium-6 large-3 js-fade-scroll\u0022\u003E\n\t\t\t\t\t\t\t\t\t\n \n  \u003Carticle class=\u0022node node--type-news node--view-mode-news-list\u0022\u003E\n\n    \u003Cdiv class=\u0022news-list-header\u0022\u003E\n            \n            \u003Cdiv class=\u0022field field--name-field-image field--type-image field--label-hidden field__item\u0022\u003E  \u003Cimg loading=\u0022lazy\u0022 class=\u0022field-image-img image-style-news-list\u0022 src=\u0022\/sites\/default\/files\/styles\/news_list\/public\/news_illustrations\/tornado-5005297_1920.jpg?itok=TA1wFiQg\u0022 width=\u0022320\u0022 height=\u0022290\u0022 alt=\u0022Photo d\u0026#039;un b\u00e2timent d\u00e9grad\u00e9 suite \u00e0 une catastrophe naturelle\u0022 \/\u003E\n\n\n\u003C\/div\u003E\n      \n    \u003C\/div\u003E\n\n    \u003Cdiv class=\u0022news-list-content\u0022\u003E\n      \u003Cdiv class=\u0022news-list-metas\u0022\u003E\n                \n            \u003Cdiv class=\u0022field field--name-field-theme field--type-entity-reference field--label-hidden field__item\u0022\u003ECitoyennet\u00e9 \u0026amp; communication\u003C\/div\u003E\n      \n\n              \u003C\/div\u003E\n\n      \u003Cp class=\u0022news-list-title\u0022\u003E\n        \u003Ca href=\u0022\/actualites\/une-aide-de-dissay-pour-mayotte\u0022 rel=\u0022bookmark\u0022 title=\u0022Une aide de Dissay pour Mayotte\u0022 class=\u0022news-list-link\u0022\u003E\u003Cspan class=\u0022field field--name-title field--type-string field--label-hidden\u0022\u003EUne aide de Dissay pour Mayotte\u003C\/span\u003E\n\u003C\/a\u003E\n      \u003C\/p\u003E\n    \u003C\/div\u003E\n\n  \u003C\/article\u003E\n\n\t\t\t\t\t\t\t\u003C\/div\u003E\n\n\t\t\t\t\t\t\t\t\t\t\t\t\t\n\t\t\t\t\t\t\t\u003Cdiv class=\u0022column small-12 medium-6 large-3 js-fade-scroll\u0022\u003E\n\t\t\t\t\t\t\t\t\t\n \n  \u003Carticle class=\u0022node node--type-news node--view-mode-news-list\u0022\u003E\n\n    \u003Cdiv class=\u0022news-list-header\u0022\u003E\n            \n            \u003Cdiv class=\u0022field field--name-field-image field--type-image field--label-hidden field__item\u0022\u003E  \u003Cimg loading=\u0022lazy\u0022 class=\u0022field-image-img image-style-news-list\u0022 src=\u0022\/sites\/default\/files\/styles\/news_list\/public\/news_illustrations\/inondation.jpg?itok=L08Lwc3V\u0022 width=\u0022320\u0022 height=\u0022290\u0022 alt=\u0022Vue de la rue du Parc \u00e0 Dissay lors de la crue du Clain, le 22 d\u00e9cembre 1982\u0022 \/\u003E\n\n\n\u003C\/div\u003E\n      \n    \u003C\/div\u003E\n\n    \u003Cdiv class=\u0022news-list-content\u0022\u003E\n      \u003Cdiv class=\u0022news-list-metas\u0022\u003E\n                \n            \u003Cdiv class=\u0022field field--name-field-theme field--type-entity-reference field--label-hidden field__item\u0022\u003ECitoyennet\u00e9 \u0026amp; communication\u003C\/div\u003E\n      \n\n              \u003C\/div\u003E\n\n      \u003Cp class=\u0022news-list-title\u0022\u003E\n        \u003Ca href=\u0022\/actualites\/ouverture-dune-enquete-publique\u0022 rel=\u0022bookmark\u0022 title=\u0022Ouverture d\u0026#039;une enqu\u00eate publique\u0022 class=\u0022news-list-link\u0022\u003E\u003Cspan class=\u0022field field--name-title field--type-string field--label-hidden\u0022\u003EOuverture d\u0026#039;une enqu\u00eate publique\u003C\/span\u003E\n\u003C\/a\u003E\n      \u003C\/p\u003E\n    \u003C\/div\u003E\n\n  \u003C\/article\u003E\n\n\t\t\t\t\t\t\t\u003C\/div\u003E\n\n\t\t\t\t\t\t\t\t\t\t\t\t\t\n\t\t\t\t\t\t\t\u003Cdiv class=\u0022column small-12 medium-6 large-3 js-fade-scroll\u0022\u003E\n\t\t\t\t\t\t\t\t\t\n \n  \u003Carticle class=\u0022node node--type-news node--view-mode-news-list\u0022\u003E\n\n    \u003Cdiv class=\u0022news-list-header\u0022\u003E\n            \n            \u003Cdiv class=\u0022field field--name-field-image field--type-image field--label-hidden field__item\u0022\u003E  \u003Cimg loading=\u0022lazy\u0022 class=\u0022field-image-img image-style-news-list\u0022 src=\u0022\/sites\/default\/files\/styles\/news_list\/public\/news_illustrations\/Affiche_voeux.jpg?itok=-PUK8uUu\u0022 width=\u0022320\u0022 height=\u0022290\u0022 alt=\u0022Affiche des voeux 2025 de la municipalit\u00e9 de Dissay\u0022 \/\u003E\n\n\n\u003C\/div\u003E\n      \n    \u003C\/div\u003E\n\n    \u003Cdiv class=\u0022news-list-content\u0022\u003E\n      \u003Cdiv class=\u0022news-list-metas\u0022\u003E\n                \n            \u003Cdiv class=\u0022field field--name-field-theme field--type-entity-reference field--label-hidden field__item\u0022\u003ECitoyennet\u00e9 \u0026amp; communication\u003C\/div\u003E\n      \n\n              \u003C\/div\u003E\n\n      \u003Cp class=\u0022news-list-title\u0022\u003E\n        \u003Ca href=\u0022\/actualites\/voeux-2025\u0022 rel=\u0022bookmark\u0022 title=\u0022V\u0153ux 2025\u0022 class=\u0022news-list-link\u0022\u003E\u003Cspan class=\u0022field field--name-title field--type-string field--label-hidden\u0022\u003EV\u0153ux 2025\u003C\/span\u003E\n\u003C\/a\u003E\n      \u003C\/p\u003E\n    \u003C\/div\u003E\n\n  \u003C\/article\u003E\n\n\t\t\t\t\t\t\t\u003C\/div\u003E\n\n\t\t\t\t\t\t\t\t\t\t\t\t\t\n\t\t\t\t\t\t\t\u003Cdiv class=\u0022column small-12 medium-6 large-3 js-fade-scroll\u0022\u003E\n\t\t\t\t\t\t\t\t\t\n \n  \u003Carticle class=\u0022node node--type-news node--view-mode-news-list\u0022\u003E\n\n    \u003Cdiv class=\u0022news-list-header\u0022\u003E\n            \n            \u003Cdiv class=\u0022field field--name-field-image field--type-image field--label-hidden field__item\u0022\u003E  \u003Cimg loading=\u0022lazy\u0022 class=\u0022field-image-img image-style-news-list\u0022 src=\u0022\/sites\/default\/files\/styles\/news_list\/public\/news_illustrations\/Plan%20de%20mobilit%C3%A9%20%20la%20concertation%20lanc%C3%A9e%20d%C3%A9but%20d%C3%A9cembre_Yann%20Gachet-Grand%20Poitiers.jpg?itok=3v6SPi7T\u0022 width=\u0022320\u0022 height=\u0022290\u0022 alt=\u0022Vue d\u0026#039;une voie de circulation avec une voiture et un deux-roues\u0022 \/\u003E\n\n\n\u003C\/div\u003E\n      \n    \u003C\/div\u003E\n\n    \u003Cdiv class=\u0022news-list-content\u0022\u003E\n      \u003Cdiv class=\u0022news-list-metas\u0022\u003E\n                \n            \u003Cdiv class=\u0022field field--name-field-theme field--type-entity-reference field--label-hidden field__item\u0022\u003ECitoyennet\u00e9 \u0026amp; communication\u003C\/div\u003E\n      \n\n              \u003C\/div\u003E\n\n      \u003Cp class=\u0022news-list-title\u0022\u003E\n        \u003Ca href=\u0022\/actualites\/plan-de-mobilite-de-grand-poitiers-la-concertation-jusquau-6-fevrier\u0022 rel=\u0022bookmark\u0022 title=\u0022Plan de mobilit\u00e9 de Grand Poitiers, la concertation jusqu\u0026#039;au 6 f\u00e9vrier\u0022 class=\u0022news-list-link\u0022\u003E\u003Cspan class=\u0022field field--name-title field--type-string field--label-hidden\u0022\u003EPlan de mobilit\u00e9 de Grand Poitiers, la concertation jusqu\u0026#039;au 6 f\u00e9vrier\u003C\/span\u003E\n\u003C\/a\u003E\n      \u003C\/p\u003E\n    \u003C\/div\u003E\n\n  \u003C\/article\u003E\n\n\t\t\t\t\t\t\t\u003C\/div\u003E\n\n\t\t\t\t\t\t\t\t\t\t\t\t\t\n\t\t\t\t\t\t\t\u003Cdiv class=\u0022column small-12 medium-6 large-3 js-fade-scroll\u0022\u003E\n\t\t\t\t\t\t\t\t\t\n \n  \u003Carticle class=\u0022node node--type-news node--view-mode-news-list\u0022\u003E\n\n    \u003Cdiv class=\u0022news-list-header\u0022\u003E\n            \n            \u003Cdiv class=\u0022field field--name-field-image field--type-image field--label-hidden field__item\u0022\u003E  \u003Cimg loading=\u0022lazy\u0022 class=\u0022field-image-img image-style-news-list\u0022 src=\u0022\/sites\/default\/files\/styles\/news_list\/public\/news_illustrations\/VITALIS_0.png?itok=ikgvLCxx\u0022 width=\u0022320\u0022 height=\u0022290\u0022 alt=\u0022LOGO DE VITALIS\u0022 \/\u003E\n\n\n\u003C\/div\u003E\n      \n    \u003C\/div\u003E\n\n    \u003Cdiv class=\u0022news-list-content\u0022\u003E\n      \u003Cdiv class=\u0022news-list-metas\u0022\u003E\n                \n            \u003Cdiv class=\u0022field field--name-field-theme field--type-entity-reference field--label-hidden field__item\u0022\u003ECitoyennet\u00e9 \u0026amp; communication\u003C\/div\u003E\n      \n\n              \u003C\/div\u003E\n\n      \u003Cp class=\u0022news-list-title\u0022\u003E\n        \u003Ca href=\u0022\/actualites\/info-trafic-vitalis\u0022 rel=\u0022bookmark\u0022 title=\u0022INFO TRAFIC VITALIS\u0022 class=\u0022news-list-link\u0022\u003E\u003Cspan class=\u0022field field--name-title field--type-string field--label-hidden\u0022\u003EINFO TRAFIC VITALIS\u003C\/span\u003E\n\u003C\/a\u003E\n      \u003C\/p\u003E\n    \u003C\/div\u003E\n\n  \u003C\/article\u003E\n\n\t\t\t\t\t\t\t\u003C\/div\u003E\n\n\t\t\t\t\t\t\t\t\t\t\t\t\t\n\t\t\t\t\t\t\t\u003Cdiv class=\u0022column small-12 medium-6 large-3 js-fade-scroll\u0022\u003E\n\t\t\t\t\t\t\t\t\t\n \n  \u003Carticle class=\u0022node node--type-news node--view-mode-news-list\u0022\u003E\n\n    \u003Cdiv class=\u0022news-list-header\u0022\u003E\n            \n            \u003Cdiv class=\u0022field field--name-field-image field--type-image field--label-hidden field__item\u0022\u003E  \u003Cimg loading=\u0022lazy\u0022 class=\u0022field-image-img image-style-news-list\u0022 src=\u0022\/sites\/default\/files\/styles\/news_list\/public\/news_illustrations\/mairie.jpg?itok=6_Jh2MW7\u0022 width=\u0022320\u0022 height=\u0022290\u0022 alt=\u0022Vue de la facade de la mairie de Dissay\u0022 \/\u003E\n\n\n\u003C\/div\u003E\n      \n    \u003C\/div\u003E\n\n    \u003Cdiv class=\u0022news-list-content\u0022\u003E\n      \u003Cdiv class=\u0022news-list-metas\u0022\u003E\n                \n            \u003Cdiv class=\u0022field field--name-field-theme field--type-entity-reference field--label-hidden field__item\u0022\u003ECitoyennet\u00e9 \u0026amp; communication\u003C\/div\u003E\n      \n\n              \u003C\/div\u003E\n\n      \u003Cp class=\u0022news-list-title\u0022\u003E\n        \u003Ca href=\u0022\/actualites\/pont-de-lassomption\u0022 rel=\u0022bookmark\u0022 title=\u0022Pont de l\u0026#039;Assomption\u0022 class=\u0022news-list-link\u0022\u003E\u003Cspan class=\u0022field field--name-title field--type-string field--label-hidden\u0022\u003EPont de l\u0026#039;Assomption\u003C\/span\u003E\n\u003C\/a\u003E\n      \u003C\/p\u003E\n    \u003C\/div\u003E\n\n  \u003C\/article\u003E\n\n\t\t\t\t\t\t\t\u003C\/div\u003E\n\n\t\t\t\t\t\t\t\t\t\t\t\t\t\n\t\t\t\t\t\t\t\u003Cdiv class=\u0022column small-12 medium-6 large-3 js-fade-scroll\u0022\u003E\n\t\t\t\t\t\t\t\t\t\n \n  \u003Carticle class=\u0022node node--type-news node--view-mode-news-list\u0022\u003E\n\n    \u003Cdiv class=\u0022news-list-header\u0022\u003E\n            \n            \u003Cdiv class=\u0022field field--name-field-image field--type-image field--label-hidden field__item\u0022\u003E  \u003Cimg loading=\u0022lazy\u0022 class=\u0022field-image-img image-style-news-list\u0022 src=\u0022\/sites\/default\/files\/styles\/news_list\/public\/news_illustrations\/Ramassag%20emballages-papiers_1.png?itok=S4DfFJwC\u0022 width=\u0022320\u0022 height=\u0022290\u0022 alt=\u0022Camion de ramassage de d\u00e9chets et un \u00e9boueur\u0022 \/\u003E\n\n\n\u003C\/div\u003E\n      \n    \u003C\/div\u003E\n\n    \u003Cdiv class=\u0022news-list-content\u0022\u003E\n      \u003Cdiv class=\u0022news-list-metas\u0022\u003E\n                \n            \u003Cdiv class=\u0022field field--name-field-theme field--type-entity-reference field--label-hidden field__item\u0022\u003ECitoyennet\u00e9 \u0026amp; communication\u003C\/div\u003E\n      \n\n              \u003C\/div\u003E\n\n      \u003Cp class=\u0022news-list-title\u0022\u003E\n        \u003Ca href=\u0022\/actualites\/ramassage-des-dechets-dissay-villages-jeudi-de-lassomption\u0022 rel=\u0022bookmark\u0022 title=\u0022RAMASSAGE DES DECHETS - Dissay (villages) - jeudi de l\u0026#039;assomption\u0022 class=\u0022news-list-link\u0022\u003E\u003Cspan class=\u0022field field--name-title field--type-string field--label-hidden\u0022\u003ERAMASSAGE DES DECHETS - Dissay (villages) - jeudi de l\u0026#039;assomption\u003C\/span\u003E\n\u003C\/a\u003E\n      \u003C\/p\u003E\n    \u003C\/div\u003E\n\n  \u003C\/article\u003E\n\n\t\t\t\t\t\t\t\u003C\/div\u003E\n\n\t\t\t\t\t\t\t\t\t\t\t\t\t\n\t\t\t\t\t\t\t\u003Cdiv class=\u0022column small-12 medium-6 large-3 js-fade-scroll\u0022\u003E\n\t\t\t\t\t\t\t\t\t\n \n  \u003Carticle class=\u0022node node--type-news node--view-mode-news-list\u0022\u003E\n\n    \u003Cdiv class=\u0022news-list-header\u0022\u003E\n            \n            \u003Cdiv class=\u0022field field--name-field-image field--type-image field--label-hidden field__item\u0022\u003E  \u003Cimg loading=\u0022lazy\u0022 class=\u0022field-image-img image-style-news-list\u0022 src=\u0022\/sites\/default\/files\/styles\/news_list\/public\/news_illustrations\/Couverture.JPG?itok=rj80Ps3c\u0022 width=\u0022320\u0022 height=\u0022290\u0022 alt=\u0022Couverture du bulletin municipal de Dissay du deuxi\u00e8me semestre 2024\u0022 \/\u003E\n\n\n\u003C\/div\u003E\n      \n    \u003C\/div\u003E\n\n    \u003Cdiv class=\u0022news-list-content\u0022\u003E\n      \u003Cdiv class=\u0022news-list-metas\u0022\u003E\n                \n            \u003Cdiv class=\u0022field field--name-field-theme field--type-entity-reference field--label-hidden field__item\u0022\u003ECitoyennet\u00e9 \u0026amp; communication\u003C\/div\u003E\n      \n\n              \u003C\/div\u003E\n\n      \u003Cp class=\u0022news-list-title\u0022\u003E\n        \u003Ca href=\u0022\/actualites\/dissay-les-echos-bientot-dans-les-boites-lettres-disseennes\u0022 rel=\u0022bookmark\u0022 title=\u0022Dissay les \u00c9chos bient\u00f4t dans les bo\u00eetes \u00e0 lettres diss\u00e9ennes\u0022 class=\u0022news-list-link\u0022\u003E\u003Cspan class=\u0022field field--name-title field--type-string field--label-hidden\u0022\u003EDissay les \u00c9chos bient\u00f4t dans les bo\u00eetes \u00e0 lettres diss\u00e9ennes\u003C\/span\u003E\n\u003C\/a\u003E\n      \u003C\/p\u003E\n    \u003C\/div\u003E\n\n  \u003C\/article\u003E\n\n\t\t\t\t\t\t\t\u003C\/div\u003E\n\n\t\t\t\t\t\t\t\t\t\t\t\t\t\n\t\t\t\t\t\t\t\u003Cdiv class=\u0022column small-12 medium-6 large-3 js-fade-scroll\u0022\u003E\n\t\t\t\t\t\t\t\t\t\n \n  \u003Carticle class=\u0022node node--type-news node--view-mode-news-list\u0022\u003E\n\n    \u003Cdiv class=\u0022news-list-header\u0022\u003E\n            \n            \u003Cdiv class=\u0022field field--name-field-image field--type-image field--label-hidden field__item\u0022\u003E  \u003Cimg loading=\u0022lazy\u0022 class=\u0022field-image-img image-style-news-list\u0022 src=\u0022\/sites\/default\/files\/styles\/news_list\/public\/news_illustrations\/Urne_election_vote.png?itok=mwRch07Q\u0022 width=\u0022320\u0022 height=\u0022290\u0022 alt=\u0022Dessin d\u0026#039;une urne \u00e9lectorale avec une main qui glisse un bulletin de vote \u00e0 l\u0026#039;int\u00e9rieur\u0022 \/\u003E\n\n\n\u003C\/div\u003E\n      \n    \u003C\/div\u003E\n\n    \u003Cdiv class=\u0022news-list-content\u0022\u003E\n      \u003Cdiv class=\u0022news-list-metas\u0022\u003E\n                \n            \u003Cdiv class=\u0022field field--name-field-theme field--type-entity-reference field--label-hidden field__item\u0022\u003ECitoyennet\u00e9 \u0026amp; communication\u003C\/div\u003E\n      \n\n              \u003C\/div\u003E\n\n      \u003Cp class=\u0022news-list-title\u0022\u003E\n        \u003Ca href=\u0022\/actualites\/election-legislative-resultats-du-deuxieme-tour-dissay\u0022 rel=\u0022bookmark\u0022 title=\u0022\u00c9lection l\u00e9gislative - r\u00e9sultats du deuxi\u00e8me tour \u00e0 Dissay\u0022 class=\u0022news-list-link\u0022\u003E\u003Cspan class=\u0022field field--name-title field--type-string field--label-hidden\u0022\u003E\u00c9lection l\u00e9gislative - r\u00e9sultats du deuxi\u00e8me tour \u00e0 Dissay\u003C\/span\u003E\n\u003C\/a\u003E\n      \u003C\/p\u003E\n    \u003C\/div\u003E\n\n  \u003C\/article\u003E\n\n\t\t\t\t\t\t\t\u003C\/div\u003E\n\n\t\t\t\t\t\t\t\t\t\t\t\t\t\n\t\t\t\t\t\t\t\u003Cdiv class=\u0022column small-12 medium-6 large-3 js-fade-scroll\u0022\u003E\n\t\t\t\t\t\t\t\t\t\n \n  \u003Carticle class=\u0022node node--type-news node--view-mode-news-list\u0022\u003E\n\n    \u003Cdiv class=\u0022news-list-header\u0022\u003E\n            \n            \u003Cdiv class=\u0022field field--name-field-image field--type-image field--label-hidden field__item\u0022\u003E  \u003Cimg loading=\u0022lazy\u0022 class=\u0022field-image-img image-style-news-list\u0022 src=\u0022\/sites\/default\/files\/styles\/news_list\/public\/news_illustrations\/Urne_election_vote_2.png?itok=KoefmpOr\u0022 width=\u0022320\u0022 height=\u0022290\u0022 alt=\u0022Dessin d\u0026#039;une urne\u0022 \/\u003E\n\n\n\u003C\/div\u003E\n      \n    \u003C\/div\u003E\n\n    \u003Cdiv class=\u0022news-list-content\u0022\u003E\n      \u003Cdiv class=\u0022news-list-metas\u0022\u003E\n                \n            \u003Cdiv class=\u0022field field--name-field-theme field--type-entity-reference field--label-hidden field__item\u0022\u003ECitoyennet\u00e9 \u0026amp; communication\u003C\/div\u003E\n      \n\n              \u003C\/div\u003E\n\n      \u003Cp class=\u0022news-list-title\u0022\u003E\n        \u003Ca href=\u0022\/actualites\/election-legislative-1er-tour-resultats-dissay\u0022 rel=\u0022bookmark\u0022 title=\u0022\u00c9lection l\u00e9gislative 1er tour - r\u00e9sultats \u00e0 Dissay\u0022 class=\u0022news-list-link\u0022\u003E\u003Cspan class=\u0022field field--name-title field--type-string field--label-hidden\u0022\u003E\u00c9lection l\u00e9gislative 1er tour - r\u00e9sultats \u00e0 Dissay\u003C\/span\u003E\n\u003C\/a\u003E\n      \u003C\/p\u003E\n    \u003C\/div\u003E\n\n  \u003C\/article\u003E\n\n\t\t\t\t\t\t\t\u003C\/div\u003E\n\n\t\t\t\t\t\t\t\t\t\t\t\t\t\n\t\t\t\t\t\t\t\u003Cdiv class=\u0022column small-12 medium-6 large-3 js-fade-scroll\u0022\u003E\n\t\t\t\t\t\t\t\t\t\n \n  \u003Carticle class=\u0022node node--type-news node--view-mode-news-list\u0022\u003E\n\n    \u003Cdiv class=\u0022news-list-header\u0022\u003E\n            \n            \u003Cdiv class=\u0022field field--name-field-image field--type-image field--label-hidden field__item\u0022\u003E  \u003Cimg loading=\u0022lazy\u0022 class=\u0022field-image-img image-style-news-list\u0022 src=\u0022\/sites\/default\/files\/styles\/news_list\/public\/news_illustrations\/PASS%20RAIL.jpg?itok=x8ftIG13\u0022 width=\u0022320\u0022 height=\u0022290\u0022 alt=\u0022AFFICHE DU PASS RAIL SNCF\u0022 \/\u003E\n\n\n\u003C\/div\u003E\n      \n    \u003C\/div\u003E\n\n    \u003Cdiv class=\u0022news-list-content\u0022\u003E\n      \u003Cdiv class=\u0022news-list-metas\u0022\u003E\n                \n            \u003Cdiv class=\u0022field field--name-field-theme field--type-entity-reference field--label-hidden field__item\u0022\u003ECitoyennet\u00e9 \u0026amp; communication\u003C\/div\u003E\n      \n\n              \u003C\/div\u003E\n\n      \u003Cp class=\u0022news-list-title\u0022\u003E\n        \u003Ca href=\u0022\/actualites\/pass-rail-49-eu\u0022 rel=\u0022bookmark\u0022 title=\u0022PASS RAIL \u00e0 49 \u20ac\u0022 class=\u0022news-list-link\u0022\u003E\u003Cspan class=\u0022field field--name-title field--type-string field--label-hidden\u0022\u003EPASS RAIL \u00e0 49 \u20ac\u003C\/span\u003E\n\u003C\/a\u003E\n      \u003C\/p\u003E\n    \u003C\/div\u003E\n\n  \u003C\/article\u003E\n\n\t\t\t\t\t\t\t\u003C\/div\u003E\n\n\t\t\t\t\t\t\t\t\t\t\t\t\t\n\t\t\t\t\t\t\t\u003Cdiv class=\u0022column small-12 medium-6 large-3 js-fade-scroll\u0022\u003E\n\t\t\t\t\t\t\t\t\t\n \n  \u003Carticle class=\u0022node node--type-news node--view-mode-news-list\u0022\u003E\n\n    \u003Cdiv class=\u0022news-list-header\u0022\u003E\n            \n            \u003Cdiv class=\u0022field field--name-field-image field--type-image field--label-hidden field__item\u0022\u003E  \u003Cimg loading=\u0022lazy\u0022 class=\u0022field-image-img image-style-news-list\u0022 src=\u0022\/sites\/default\/files\/styles\/news_list\/public\/news_illustrations\/dechetterie%20Les%20Millas.jpg?itok=K7f-0vNI\u0022 width=\u0022320\u0022 height=\u0022290\u0022 alt=\u0022photo de la d\u00e9chetterie Les millas  \u00e0 Saint Georges l\u00e8s Baillargeaux\u0022 \/\u003E\n\n\n\u003C\/div\u003E\n      \n    \u003C\/div\u003E\n\n    \u003Cdiv class=\u0022news-list-content\u0022\u003E\n      \u003Cdiv class=\u0022news-list-metas\u0022\u003E\n                \n            \u003Cdiv class=\u0022field field--name-field-theme field--type-entity-reference field--label-hidden field__item\u0022\u003ECitoyennet\u00e9 \u0026amp; communication\u003C\/div\u003E\n      \n\n              \u003C\/div\u003E\n\n      \u003Cp class=\u0022news-list-title\u0022\u003E\n        \u003Ca href=\u0022\/actualites\/horaires-dete-pour-la-dechetterie-des-millas\u0022 rel=\u0022bookmark\u0022 title=\u0022Horaires d\u0026#039;\u00e9t\u00e9 pour la d\u00e9chetterie des Millas\u0022 class=\u0022news-list-link\u0022\u003E\u003Cspan class=\u0022field field--name-title field--type-string field--label-hidden\u0022\u003EHoraires d\u0026#039;\u00e9t\u00e9 pour la d\u00e9chetterie des Millas\u003C\/span\u003E\n\u003C\/a\u003E\n      \u003C\/p\u003E\n    \u003C\/div\u003E\n\n  \u003C\/article\u003E\n\n\t\t\t\t\t\t\t\u003C\/div\u003E\n\n\t\t\t\t\t\t\t\t\t\t\t\t\t\n\t\t\t\t\t\t\t\u003Cdiv class=\u0022column small-12 medium-6 large-3 js-fade-scroll\u0022\u003E\n\t\t\t\t\t\t\t\t\t\n \n  \u003Carticle class=\u0022node node--type-news node--view-mode-news-list\u0022\u003E\n\n    \u003Cdiv class=\u0022news-list-header\u0022\u003E\n            \n            \u003Cdiv class=\u0022field field--name-field-image field--type-image field--label-hidden field__item\u0022\u003E  \u003Cimg loading=\u0022lazy\u0022 class=\u0022field-image-img image-style-news-list\u0022 src=\u0022\/sites\/default\/files\/styles\/news_list\/public\/events_illustrations\/vignette-elections-europe-2024.png?itok=qdyDL1mh\u0022 width=\u0022320\u0022 height=\u0022290\u0022 alt=\u0022Visuel officiel de l\u0026#039;\u00e9lection\u0022 \/\u003E\n\n\n\u003C\/div\u003E\n      \n    \u003C\/div\u003E\n\n    \u003Cdiv class=\u0022news-list-content\u0022\u003E\n      \u003Cdiv class=\u0022news-list-metas\u0022\u003E\n                \n            \u003Cdiv class=\u0022field field--name-field-theme field--type-entity-reference field--label-hidden field__item\u0022\u003ECitoyennet\u00e9 \u0026amp; communication\u003C\/div\u003E\n      \n\n              \u003C\/div\u003E\n\n      \u003Cp class=\u0022news-list-title\u0022\u003E\n        \u003Ca href=\u0022\/actualites\/election-europeenne-resultat-du-vote-de-dissay\u0022 rel=\u0022bookmark\u0022 title=\u0022\u00c9lection europ\u00e9enne - r\u00e9sultat du vote de Dissay\u0022 class=\u0022news-list-link\u0022\u003E\u003Cspan class=\u0022field field--name-title field--type-string field--label-hidden\u0022\u003E\u00c9lection europ\u00e9enne - r\u00e9sultat du vote de Dissay\u003C\/span\u003E\n\u003C\/a\u003E\n      \u003C\/p\u003E\n    \u003C\/div\u003E\n\n  \u003C\/article\u003E\n\n\t\t\t\t\t\t\t\u003C\/div\u003E\n\n\t\t\t\t\t\t\t\t\t\t\t\t\t\n\t\t\t\t\t\t\t\u003Cdiv class=\u0022column small-12 medium-6 large-3 js-fade-scroll\u0022\u003E\n\t\t\t\t\t\t\t\t\t\n \n  \u003Carticle class=\u0022node node--type-news node--view-mode-news-list\u0022\u003E\n\n    \u003Cdiv class=\u0022news-list-header\u0022\u003E\n            \n            \u003Cdiv class=\u0022field field--name-field-image field--type-image field--label-hidden field__item\u0022\u003E  \u003Cimg loading=\u0022lazy\u0022 class=\u0022field-image-img image-style-news-list\u0022 src=\u0022\/sites\/default\/files\/styles\/news_list\/public\/news_illustrations\/panneau_lumineux.jpg?itok=wN_8D4nu\u0022 width=\u0022320\u0022 height=\u0022290\u0022 alt=\u0022Vue du panneau lumineus de Dissay contenant l\u0026#039;annonce des \u00e9lections europ\u00e9ennes\u0022 \/\u003E\n\n\n\u003C\/div\u003E\n      \n    \u003C\/div\u003E\n\n    \u003Cdiv class=\u0022news-list-content\u0022\u003E\n      \u003Cdiv class=\u0022news-list-metas\u0022\u003E\n                \n            \u003Cdiv class=\u0022field field--name-field-theme field--type-entity-reference field--label-hidden field__item\u0022\u003ECitoyennet\u00e9 \u0026amp; communication\u003C\/div\u003E\n      \n\n              \u003C\/div\u003E\n\n      \u003Cp class=\u0022news-list-title\u0022\u003E\n        \u003Ca href=\u0022\/actualites\/une-nouvelle-source-dinformation\u0022 rel=\u0022bookmark\u0022 title=\u0022Une nouvelle source d\u0026#039;information\u0022 class=\u0022news-list-link\u0022\u003E\u003Cspan class=\u0022field field--name-title field--type-string field--label-hidden\u0022\u003EUne nouvelle source d\u0026#039;information\u003C\/span\u003E\n\u003C\/a\u003E\n      \u003C\/p\u003E\n    \u003C\/div\u003E\n\n  \u003C\/article\u003E\n\n\t\t\t\t\t\t\t\u003C\/div\u003E\n\n\t\t\t\t\t\t\t\t\t\t\t\t\t\n\t\t\t\t\t\t\t\u003Cdiv class=\u0022column small-12 medium-6 large-3 js-fade-scroll\u0022\u003E\n\t\t\t\t\t\t\t\t\t\n \n  \u003Carticle class=\u0022node node--type-news node--view-mode-news-list\u0022\u003E\n\n    \u003Cdiv class=\u0022news-list-header\u0022\u003E\n            \n            \u003Cdiv class=\u0022field field--name-field-image field--type-image field--label-hidden field__item\u0022\u003E  \u003Cimg loading=\u0022lazy\u0022 class=\u0022field-image-img image-style-news-list\u0022 src=\u0022\/sites\/default\/files\/styles\/news_list\/public\/news_illustrations\/photo1.jpg?itok=sztHID2h\u0022 width=\u0022320\u0022 height=\u0022290\u0022 alt=\u0022Les membres du CCE sur les marches de l\u0026#039;Assembl\u00e9e nationale en compagnie de leurs encadrants et de la d\u00e9put\u00e9e Lisa Belluco\u0022 \/\u003E\n\n\n\u003C\/div\u003E\n      \n    \u003C\/div\u003E\n\n    \u003Cdiv class=\u0022news-list-content\u0022\u003E\n      \u003Cdiv class=\u0022news-list-metas\u0022\u003E\n                \n            \u003Cdiv class=\u0022field field--name-field-theme field--type-entity-reference field--label-hidden field__item\u0022\u003ECitoyennet\u00e9 \u0026amp; communication\u003C\/div\u003E\n      \n\n              \u003C\/div\u003E\n\n      \u003Cp class=\u0022news-list-title\u0022\u003E\n        \u003Ca href=\u0022\/actualites\/le-cce-paris-1\u0022 rel=\u0022bookmark\u0022 title=\u0022Le CCE \u00e0 Paris\u0022 class=\u0022news-list-link\u0022\u003E\u003Cspan class=\u0022field field--name-title field--type-string field--label-hidden\u0022\u003ELe CCE \u00e0 Paris\u003C\/span\u003E\n\u003C\/a\u003E\n      \u003C\/p\u003E\n    \u003C\/div\u003E\n\n  \u003C\/article\u003E\n\n\t\t\t\t\t\t\t\u003C\/div\u003E\n\n\t\t\t\t\t\t\t\t\t\t\t\t\t\n\t\t\t\t\t\t\t\u003Cdiv class=\u0022column small-12 medium-6 large-3 js-fade-scroll\u0022\u003E\n\t\t\t\t\t\t\t\t\t\n \n  \u003Carticle class=\u0022node node--type-news node--view-mode-news-list\u0022\u003E\n\n    \u003Cdiv class=\u0022news-list-header\u0022\u003E\n            \n            \u003Cdiv class=\u0022field field--name-field-image field--type-image field--label-hidden field__item\u0022\u003E  \u003Cimg loading=\u0022lazy\u0022 class=\u0022field-image-img image-style-news-list\u0022 src=\u0022\/sites\/default\/files\/styles\/news_list\/public\/events_illustrations\/vignette-elections-europe-2024.png?itok=qdyDL1mh\u0022 width=\u0022320\u0022 height=\u0022290\u0022 alt=\u0022Visuel de l\u0026#039;annonce des \u00e9lections sur fond de drapeau europ\u00e9en\u0022 \/\u003E\n\n\n\u003C\/div\u003E\n      \n    \u003C\/div\u003E\n\n    \u003Cdiv class=\u0022news-list-content\u0022\u003E\n      \u003Cdiv class=\u0022news-list-metas\u0022\u003E\n                \n            \u003Cdiv class=\u0022field field--name-field-theme field--type-entity-reference field--label-hidden field__item\u0022\u003ECitoyennet\u00e9 \u0026amp; communication\u003C\/div\u003E\n      \n\n              \u003C\/div\u003E\n\n      \u003Cp class=\u0022news-list-title\u0022\u003E\n        \u003Ca href=\u0022\/actualites\/9-juin-elections-europeennes\u0022 rel=\u0022bookmark\u0022 title=\u00229 juin : \u00e9lections europ\u00e9ennes\u0022 class=\u0022news-list-link\u0022\u003E\u003Cspan class=\u0022field field--name-title field--type-string field--label-hidden\u0022\u003E9 juin : \u00e9lections europ\u00e9ennes\u003C\/span\u003E\n\u003C\/a\u003E\n      \u003C\/p\u003E\n    \u003C\/div\u003E\n\n  \u003C\/article\u003E\n\n\t\t\t\t\t\t\t\u003C\/div\u003E\n\n\t\t\t\t\t\t\t\t\t\t\t\t\t\n\t\t\t\t\t\t\t\u003Cdiv class=\u0022column small-12 medium-6 large-3 js-fade-scroll\u0022\u003E\n\t\t\t\t\t\t\t\t\t\n \n  \u003Carticle class=\u0022node node--type-news node--view-mode-news-list\u0022\u003E\n\n    \u003Cdiv class=\u0022news-list-header\u0022\u003E\n            \n            \u003Cdiv class=\u0022field field--name-field-image field--type-image field--label-hidden field__item\u0022\u003E  \u003Cimg loading=\u0022lazy\u0022 class=\u0022field-image-img image-style-news-list\u0022 src=\u0022\/sites\/default\/files\/styles\/news_list\/public\/news_illustrations\/siveer%20eaux%20de%20vienne.png?itok=3hTLQll3\u0022 width=\u0022320\u0022 height=\u0022290\u0022 alt=\u0022logo Eaux de vienne - SIVEER\u0022 \/\u003E\n\n\n\u003C\/div\u003E\n      \n    \u003C\/div\u003E\n\n    \u003Cdiv class=\u0022news-list-content\u0022\u003E\n      \u003Cdiv class=\u0022news-list-metas\u0022\u003E\n                \n            \u003Cdiv class=\u0022field field--name-field-theme field--type-entity-reference field--label-hidden field__item\u0022\u003ECitoyennet\u00e9 \u0026amp; communication\u003C\/div\u003E\n      \n\n              \u003C\/div\u003E\n\n      \u003Cp class=\u0022news-list-title\u0022\u003E\n        \u003Ca href=\u0022\/actualites\/releve-des-compteurs-deau\u0022 rel=\u0022bookmark\u0022 title=\u0022Rel\u00e8ve des compteurs d\u0026#039;eau\u0022 class=\u0022news-list-link\u0022\u003E\u003Cspan class=\u0022field field--name-title field--type-string field--label-hidden\u0022\u003ERel\u00e8ve des compteurs d\u0026#039;eau\u003C\/span\u003E\n\u003C\/a\u003E\n      \u003C\/p\u003E\n    \u003C\/div\u003E\n\n  \u003C\/article\u003E\n\n\t\t\t\t\t\t\t\u003C\/div\u003E\n\n\t\t\t\t\t\t\t\t\t\t\t\t\t\n\t\t\t\t\t\t\t\u003Cdiv class=\u0022column small-12 medium-6 large-3 js-fade-scroll\u0022\u003E\n\t\t\t\t\t\t\t\t\t\n \n  \u003Carticle class=\u0022node node--type-news node--view-mode-news-list\u0022\u003E\n\n    \u003Cdiv class=\u0022news-list-header\u0022\u003E\n            \n            \u003Cdiv class=\u0022field field--name-field-image field--type-image field--label-hidden field__item\u0022\u003E  \u003Cimg loading=\u0022lazy\u0022 class=\u0022field-image-img image-style-news-list\u0022 src=\u0022\/sites\/default\/files\/styles\/news_list\/public\/news_illustrations\/image001.png?itok=zBrA1-v3\u0022 width=\u0022320\u0022 height=\u0022290\u0022 alt=\u0022Affiche de l\u0026#039;op\u00e9ration par Grand poitiers\u0022 \/\u003E\n\n\n\u003C\/div\u003E\n      \n    \u003C\/div\u003E\n\n    \u003Cdiv class=\u0022news-list-content\u0022\u003E\n      \u003Cdiv class=\u0022news-list-metas\u0022\u003E\n                \n            \u003Cdiv class=\u0022field field--name-field-theme field--type-entity-reference field--label-hidden field__item\u0022\u003ECitoyennet\u00e9 \u0026amp; communication\u003C\/div\u003E\n      \n\n              \u003C\/div\u003E\n\n      \u003Cp class=\u0022news-list-title\u0022\u003E\n        \u003Ca href=\u0022\/actualites\/dechets-menagers-donnez-votre-avis\u0022 rel=\u0022bookmark\u0022 title=\u0022D\u00e9chets m\u00e9nagers, donnez votre avis\u0022 class=\u0022news-list-link\u0022\u003E\u003Cspan class=\u0022field field--name-title field--type-string field--label-hidden\u0022\u003ED\u00e9chets m\u00e9nagers, donnez votre avis\u003C\/span\u003E\n\u003C\/a\u003E\n      \u003C\/p\u003E\n    \u003C\/div\u003E\n\n  \u003C\/article\u003E\n\n\t\t\t\t\t\t\t\u003C\/div\u003E\n\n\t\t\t\t\t\t\t\t\t\t\t\t\t\n\t\t\t\t\t\t\t\u003Cdiv class=\u0022column small-12 medium-6 large-3 js-fade-scroll\u0022\u003E\n\t\t\t\t\t\t\t\t\t\n \n  \u003Carticle class=\u0022node node--type-news node--view-mode-news-list\u0022\u003E\n\n    \u003Cdiv class=\u0022news-list-header\u0022\u003E\n            \n            \u003Cdiv class=\u0022field field--name-field-image field--type-image field--label-hidden field__item\u0022\u003E  \u003Cimg loading=\u0022lazy\u0022 class=\u0022field-image-img image-style-news-list\u0022 src=\u0022\/sites\/default\/files\/styles\/news_list\/public\/news_illustrations\/dissay-mediatheque_0.jpg?itok=YWCFtWc7\u0022 width=\u0022320\u0022 height=\u0022290\u0022 alt=\u0022photo m\u00e9di\u00e9th\u00e8que\u0022 \/\u003E\n\n\n\u003C\/div\u003E\n      \n    \u003C\/div\u003E\n\n    \u003Cdiv class=\u0022news-list-content\u0022\u003E\n      \u003Cdiv class=\u0022news-list-metas\u0022\u003E\n                \n            \u003Cdiv class=\u0022field field--name-field-theme field--type-entity-reference field--label-hidden field__item\u0022\u003ECitoyennet\u00e9 \u0026amp; communication\u003C\/div\u003E\n      \n\n              \u003C\/div\u003E\n\n      \u003Cp class=\u0022news-list-title\u0022\u003E\n        \u003Ca href=\u0022\/actualites\/mediatheque-horaires-des-vacances-de-printemps\u0022 rel=\u0022bookmark\u0022 title=\u0022M\u00c9DIATH\u00c8QUE - Horaires des vacances de Printemps\u0022 class=\u0022news-list-link\u0022\u003E\u003Cspan class=\u0022field field--name-title field--type-string field--label-hidden\u0022\u003EM\u00c9DIATH\u00c8QUE - Horaires des vacances de Printemps\u003C\/span\u003E\n\u003C\/a\u003E\n      \u003C\/p\u003E\n    \u003C\/div\u003E\n\n  \u003C\/article\u003E\n\n\t\t\t\t\t\t\t\u003C\/div\u003E\n\n\t\t\t\t\t\t\t\t\t\t\t\t\t\n\t\t\t\t\t\t\t\u003Cdiv class=\u0022column small-12 medium-6 large-3 js-fade-scroll\u0022\u003E\n\t\t\t\t\t\t\t\t\t\n \n  \u003Carticle class=\u0022node node--type-news node--view-mode-news-list\u0022\u003E\n\n    \u003Cdiv class=\u0022news-list-header\u0022\u003E\n            \n            \u003Cdiv class=\u0022field field--name-field-image field--type-image field--label-hidden field__item\u0022\u003E  \u003Cimg loading=\u0022lazy\u0022 class=\u0022field-image-img image-style-news-list\u0022 src=\u0022\/sites\/default\/files\/styles\/news_list\/public\/news_illustrations\/Cheque_VAE.jpg?itok=E3czBabA\u0022 width=\u0022320\u0022 height=\u0022290\u0022 alt=\u0022Photo dans un magasin de v\u00e9los\u0022 \/\u003E\n\n\n\u003C\/div\u003E\n      \n    \u003C\/div\u003E\n\n    \u003Cdiv class=\u0022news-list-content\u0022\u003E\n      \u003Cdiv class=\u0022news-list-metas\u0022\u003E\n                \n            \u003Cdiv class=\u0022field field--name-field-theme field--type-entity-reference field--label-hidden field__item\u0022\u003ECitoyennet\u00e9 \u0026amp; communication\u003C\/div\u003E\n      \n\n              \u003C\/div\u003E\n\n      \u003Cp class=\u0022news-list-title\u0022\u003E\n        \u003Ca href=\u0022\/actualites\/aide-lachat-dun-vae\u0022 rel=\u0022bookmark\u0022 title=\u0022Aide \u00e0 l\u0026#039;achat d\u0026#039;un VAE\u0022 class=\u0022news-list-link\u0022\u003E\u003Cspan class=\u0022field field--name-title field--type-string field--label-hidden\u0022\u003EAide \u00e0 l\u0026#039;achat d\u0026#039;un VAE\u003C\/span\u003E\n\u003C\/a\u003E\n      \u003C\/p\u003E\n    \u003C\/div\u003E\n\n  \u003C\/article\u003E\n\n\t\t\t\t\t\t\t\u003C\/div\u003E\n\n\t\t\t\t\t\t\t\t\t\t\t\t\t\n\t\t\t\t\t\t\t\u003Cdiv class=\u0022column small-12 medium-6 large-3 js-fade-scroll\u0022\u003E\n\t\t\t\t\t\t\t\t\t\n \n  \u003Carticle class=\u0022node node--type-news node--view-mode-news-list\u0022\u003E\n\n    \u003Cdiv class=\u0022news-list-header\u0022\u003E\n            \n            \u003Cdiv class=\u0022field field--name-field-image field--type-image field--label-hidden field__item\u0022\u003E  \u003Cimg loading=\u0022lazy\u0022 class=\u0022field-image-img image-style-news-list\u0022 src=\u0022\/sites\/default\/files\/styles\/news_list\/public\/news_illustrations\/EAU%20DE%20VIENNE%20-%20COMPTE%20EN%20LIGNE.jpg?itok=GkUv17OO\u0022 width=\u0022320\u0022 height=\u0022290\u0022 alt=\u0022AFFICHE compte en ligne EDV\u0022 \/\u003E\n\n\n\u003C\/div\u003E\n      \n    \u003C\/div\u003E\n\n    \u003Cdiv class=\u0022news-list-content\u0022\u003E\n      \u003Cdiv class=\u0022news-list-metas\u0022\u003E\n                \n            \u003Cdiv class=\u0022field field--name-field-theme field--type-entity-reference field--label-hidden field__item\u0022\u003ECitoyennet\u00e9 \u0026amp; communication\u003C\/div\u003E\n      \n\n              \u003C\/div\u003E\n\n      \u003Cp class=\u0022news-list-title\u0022\u003E\n        \u003Ca href=\u0022\/actualites\/eaux-de-vienne-lance-son-agence-en-ligne\u0022 rel=\u0022bookmark\u0022 title=\u0022Eaux de Vienne lance son Agence en ligne\u0022 class=\u0022news-list-link\u0022\u003E\u003Cspan class=\u0022field field--name-title field--type-string field--label-hidden\u0022\u003EEaux de Vienne lance son Agence en ligne\u003C\/span\u003E\n\u003C\/a\u003E\n      \u003C\/p\u003E\n    \u003C\/div\u003E\n\n  \u003C\/article\u003E\n\n\t\t\t\t\t\t\t\u003C\/div\u003E\n\n\t\t\t\t\t\t\t\t\t\t\t\t\t\n\t\t\t\t\t\t\t\u003Cdiv class=\u0022column small-12 medium-6 large-3 js-fade-scroll\u0022\u003E\n\t\t\t\t\t\t\t\t\t\n \n  \u003Carticle class=\u0022node node--type-news node--view-mode-news-list\u0022\u003E\n\n    \u003Cdiv class=\u0022news-list-header\u0022\u003E\n            \n            \u003Cdiv class=\u0022field field--name-field-image field--type-image field--label-hidden field__item\u0022\u003E  \u003Cimg loading=\u0022lazy\u0022 class=\u0022field-image-img image-style-news-list\u0022 src=\u0022\/sites\/default\/files\/styles\/news_list\/public\/news_illustrations\/PADD_Yann%20Gachet.jpg?itok=jv5Ms23u\u0022 width=\u0022320\u0022 height=\u0022290\u0022 alt=\u0022Habitants de Grand Poitiers lors d\u0026#039;une r\u00e9union publique\u0022 \/\u003E\n\n\n\u003C\/div\u003E\n      \n    \u003C\/div\u003E\n\n    \u003Cdiv class=\u0022news-list-content\u0022\u003E\n      \u003Cdiv class=\u0022news-list-metas\u0022\u003E\n                \n            \u003Cdiv class=\u0022field field--name-field-theme field--type-entity-reference field--label-hidden field__item\u0022\u003ECitoyennet\u00e9 \u0026amp; communication\u003C\/div\u003E\n      \n\n              \u003C\/div\u003E\n\n      \u003Cp class=\u0022news-list-title\u0022\u003E\n        \u003Ca href=\u0022\/actualites\/le-padd-cest-quoi\u0022 rel=\u0022bookmark\u0022 title=\u0022Le PADD, c\u0026#039;est quoi ?\u0022 class=\u0022news-list-link\u0022\u003E\u003Cspan class=\u0022field field--name-title field--type-string field--label-hidden\u0022\u003ELe PADD, c\u0026#039;est quoi ?\u003C\/span\u003E\n\u003C\/a\u003E\n      \u003C\/p\u003E\n    \u003C\/div\u003E\n\n  \u003C\/article\u003E\n\n\t\t\t\t\t\t\t\u003C\/div\u003E\n\n\t\t\t\t\t\t\t\t\t\t\t\t\t\n\t\t\t\t\t\t\t\u003Cdiv class=\u0022column small-12 medium-6 large-3 js-fade-scroll\u0022\u003E\n\t\t\t\t\t\t\t\t\t\n \n  \u003Carticle class=\u0022node node--type-news node--view-mode-news-list\u0022\u003E\n\n    \u003Cdiv class=\u0022news-list-header\u0022\u003E\n            \n            \u003Cdiv class=\u0022field field--name-field-image field--type-image field--label-hidden field__item\u0022\u003E  \u003Cimg loading=\u0022lazy\u0022 class=\u0022field-image-img image-style-news-list\u0022 src=\u0022\/sites\/default\/files\/styles\/news_list\/public\/news_illustrations\/Jumelage2.jpg?itok=FyWWsgM4\u0022 width=\u0022320\u0022 height=\u0022290\u0022 alt=\u0022Groupe des trois villes jumel\u00e9es en 2019\u0022 \/\u003E\n\n\n\u003C\/div\u003E\n      \n    \u003C\/div\u003E\n\n    \u003Cdiv class=\u0022news-list-content\u0022\u003E\n      \u003Cdiv class=\u0022news-list-metas\u0022\u003E\n                \n            \u003Cdiv class=\u0022field field--name-field-theme field--type-entity-reference field--label-hidden field__item\u0022\u003ECitoyennet\u00e9 \u0026amp; communication\u003C\/div\u003E\n      \n\n              \u003C\/div\u003E\n\n      \u003Cp class=\u0022news-list-title\u0022\u003E\n        \u003Ca href=\u0022\/actualites\/accueil-de-nos-jumeaux\u0022 rel=\u0022bookmark\u0022 title=\u0022Accueil de nos jumeaux\u0022 class=\u0022news-list-link\u0022\u003E\u003Cspan class=\u0022field field--name-title field--type-string field--label-hidden\u0022\u003EAccueil de nos jumeaux\u003C\/span\u003E\n\u003C\/a\u003E\n      \u003C\/p\u003E\n    \u003C\/div\u003E\n\n  \u003C\/article\u003E\n\n\t\t\t\t\t\t\t\u003C\/div\u003E\n\n\t\t\t\t\t\t\t\t\t\t\t\t\t\n\t\t\t\t\t\t\t\u003Cdiv class=\u0022column small-12 medium-6 large-3 js-fade-scroll\u0022\u003E\n\t\t\t\t\t\t\t\t\t\n \n  \u003Carticle class=\u0022node node--type-news node--view-mode-news-list\u0022\u003E\n\n    \u003Cdiv class=\u0022news-list-header\u0022\u003E\n            \n            \u003Cdiv class=\u0022field field--name-field-image field--type-image field--label-hidden field__item\u0022\u003E  \u003Cimg loading=\u0022lazy\u0022 class=\u0022field-image-img image-style-news-list\u0022 src=\u0022\/sites\/default\/files\/styles\/news_list\/public\/news_illustrations\/Couv_1.JPG?itok=F6iXg_0U\u0022 width=\u0022320\u0022 height=\u0022290\u0022 alt=\u0022Page de couverture de l\u0026#039;agenda municipal de Dissay 2024\u0022 \/\u003E\n\n\n\u003C\/div\u003E\n      \n    \u003C\/div\u003E\n\n    \u003Cdiv class=\u0022news-list-content\u0022\u003E\n      \u003Cdiv class=\u0022news-list-metas\u0022\u003E\n                \n            \u003Cdiv class=\u0022field field--name-field-theme field--type-entity-reference field--label-hidden field__item\u0022\u003ECitoyennet\u00e9 \u0026amp; communication\u003C\/div\u003E\n      \n\n              \u003C\/div\u003E\n\n      \u003Cp class=\u0022news-list-title\u0022\u003E\n        \u003Ca href=\u0022\/actualites\/lagenda-municipal-2024\u0022 rel=\u0022bookmark\u0022 title=\u0022L\u0026#039;agenda municipal 2024\u0022 class=\u0022news-list-link\u0022\u003E\u003Cspan class=\u0022field field--name-title field--type-string field--label-hidden\u0022\u003EL\u0026#039;agenda municipal 2024\u003C\/span\u003E\n\u003C\/a\u003E\n      \u003C\/p\u003E\n    \u003C\/div\u003E\n\n  \u003C\/article\u003E\n\n\t\t\t\t\t\t\t\u003C\/div\u003E\n\n\t\t\t\t\t\t\t\t\t\t\t\t\t\n\t\t\t\t\t\t\t\u003Cdiv class=\u0022column small-12 medium-6 large-3 js-fade-scroll\u0022\u003E\n\t\t\t\t\t\t\t\t\t\n \n  \u003Carticle class=\u0022node node--type-news node--view-mode-news-list\u0022\u003E\n\n    \u003Cdiv class=\u0022news-list-header\u0022\u003E\n            \n            \u003Cdiv class=\u0022field field--name-field-image field--type-image field--label-hidden field__item\u0022\u003E  \u003Cimg loading=\u0022lazy\u0022 class=\u0022field-image-img image-style-news-list\u0022 src=\u0022\/sites\/default\/files\/styles\/news_list\/public\/news_illustrations\/DISSAY-30x44-pour-120x176-2024.jpg?itok=d-9KHr9d\u0022 width=\u0022320\u0022 height=\u0022290\u0022 alt=\u0022Affiche de voeux 2024\u0022 \/\u003E\n\n\n\u003C\/div\u003E\n      \n    \u003C\/div\u003E\n\n    \u003Cdiv class=\u0022news-list-content\u0022\u003E\n      \u003Cdiv class=\u0022news-list-metas\u0022\u003E\n                \n            \u003Cdiv class=\u0022field field--name-field-theme field--type-entity-reference field--label-hidden field__item\u0022\u003ECitoyennet\u00e9 \u0026amp; communication\u003C\/div\u003E\n      \n\n              \u003C\/div\u003E\n\n      \u003Cp class=\u0022news-list-title\u0022\u003E\n        \u003Ca href=\u0022\/actualites\/voeux-2024\u0022 rel=\u0022bookmark\u0022 title=\u0022Voeux 2024\u0022 class=\u0022news-list-link\u0022\u003E\u003Cspan class=\u0022field field--name-title field--type-string field--label-hidden\u0022\u003EVoeux 2024\u003C\/span\u003E\n\u003C\/a\u003E\n      \u003C\/p\u003E\n    \u003C\/div\u003E\n\n  \u003C\/article\u003E\n\n\t\t\t\t\t\t\t\u003C\/div\u003E\n\n\t\t\t\t\t\t\t\t\t\t\t\t\t\n\t\t\t\t\t\t\t\u003Cdiv class=\u0022column small-12 medium-6 large-3 js-fade-scroll\u0022\u003E\n\t\t\t\t\t\t\t\t\t\n \n  \u003Carticle class=\u0022node node--type-news node--view-mode-news-list\u0022\u003E\n\n    \u003Cdiv class=\u0022news-list-header\u0022\u003E\n            \n            \u003Cdiv class=\u0022field field--name-field-image field--type-image field--label-hidden field__item\u0022\u003E  \u003Cimg loading=\u0022lazy\u0022 class=\u0022field-image-img image-style-news-list\u0022 src=\u0022\/sites\/default\/files\/styles\/news_list\/public\/news_illustrations\/WEB-290X240px.jpg?itok=sSeqYixb\u0022 width=\u0022320\u0022 height=\u0022290\u0022 alt=\u0022image je fais tout pour \u00eatre vu\u0022 \/\u003E\n\n\n\u003C\/div\u003E\n      \n    \u003C\/div\u003E\n\n    \u003Cdiv class=\u0022news-list-content\u0022\u003E\n      \u003Cdiv class=\u0022news-list-metas\u0022\u003E\n                \n            \u003Cdiv class=\u0022field field--name-field-theme field--type-entity-reference field--label-hidden field__item\u0022\u003ECitoyennet\u00e9 \u0026amp; communication\u003C\/div\u003E\n      \n\n              \u003C\/div\u003E\n\n      \u003Cp class=\u0022news-list-title\u0022\u003E\n        \u003Ca href=\u0022\/actualites\/la-nuit-je-fais-tout-pour-etre-vu\u0022 rel=\u0022bookmark\u0022 title=\u0022LA NUIT, JE FAIS TOUT POUR \u00caTRE VU\u0022 class=\u0022news-list-link\u0022\u003E\u003Cspan class=\u0022field field--name-title field--type-string field--label-hidden\u0022\u003ELA NUIT, JE FAIS TOUT POUR \u00caTRE VU\u003C\/span\u003E\n\u003C\/a\u003E\n      \u003C\/p\u003E\n    \u003C\/div\u003E\n\n  \u003C\/article\u003E\n\n\t\t\t\t\t\t\t\u003C\/div\u003E\n\n\t\t\t\t\t\t\t\t\t\t\t\t\t\n\t\t\t\t\t\t\t\u003Cdiv class=\u0022column small-12 medium-6 large-3 js-fade-scroll\u0022\u003E\n\t\t\t\t\t\t\t\t\t\n \n  \u003Carticle class=\u0022node node--type-news node--view-mode-news-list\u0022\u003E\n\n    \u003Cdiv class=\u0022news-list-header\u0022\u003E\n            \n            \u003Cdiv class=\u0022field field--name-field-image field--type-image field--label-hidden field__item\u0022\u003E  \u003Cimg loading=\u0022lazy\u0022 class=\u0022field-image-img image-style-news-list\u0022 src=\u0022\/sites\/default\/files\/styles\/news_list\/public\/news_illustrations\/02-Tempete%20nov2023_P.BURGUN_ONF.png?itok=uq05BEiJ\u0022 width=\u0022320\u0022 height=\u0022290\u0022 alt=\u0022Photo de d\u00e9gats de la temp\u00e8te dans la fo\u00eat de Saint-Sauvant\u0022 \/\u003E\n\n\n\u003C\/div\u003E\n      \n    \u003C\/div\u003E\n\n    \u003Cdiv class=\u0022news-list-content\u0022\u003E\n      \u003Cdiv class=\u0022news-list-metas\u0022\u003E\n                \n            \u003Cdiv class=\u0022field field--name-field-theme field--type-entity-reference field--label-hidden field__item\u0022\u003ECitoyennet\u00e9 \u0026amp; communication\u003C\/div\u003E\n      \n\n              \u003C\/div\u003E\n\n      \u003Cp class=\u0022news-list-title\u0022\u003E\n        \u003Ca href=\u0022\/actualites\/appel-la-vigilance\u0022 rel=\u0022bookmark\u0022 title=\u0022Appel \u00e0 la vigilance\u0022 class=\u0022news-list-link\u0022\u003E\u003Cspan class=\u0022field field--name-title field--type-string field--label-hidden\u0022\u003EAppel \u00e0 la vigilance\u003C\/span\u003E\n\u003C\/a\u003E\n      \u003C\/p\u003E\n    \u003C\/div\u003E\n\n  \u003C\/article\u003E\n\n\t\t\t\t\t\t\t\u003C\/div\u003E\n\n\t\t\t\t\t\t\t\t\t\t\t\t\t\n\t\t\t\t\t\t\t\u003Cdiv class=\u0022column small-12 medium-6 large-3 js-fade-scroll\u0022\u003E\n\t\t\t\t\t\t\t\t\t\n \n  \u003Carticle class=\u0022node node--type-news node--view-mode-news-list\u0022\u003E\n\n    \u003Cdiv class=\u0022news-list-header\u0022\u003E\n            \n            \u003Cdiv class=\u0022field field--name-field-image field--type-image field--label-hidden field__item\u0022\u003E  \u003Cimg loading=\u0022lazy\u0022 class=\u0022field-image-img image-style-news-list\u0022 src=\u0022\/sites\/default\/files\/styles\/news_list\/public\/news_illustrations\/cadastre.png?itok=llsO8iLl\u0022 width=\u0022320\u0022 height=\u0022290\u0022 alt=\u0022illustration cadastre\u0022 \/\u003E\n\n\n\u003C\/div\u003E\n      \n    \u003C\/div\u003E\n\n    \u003Cdiv class=\u0022news-list-content\u0022\u003E\n      \u003Cdiv class=\u0022news-list-metas\u0022\u003E\n                \n            \u003Cdiv class=\u0022field field--name-field-theme field--type-entity-reference field--label-hidden field__item\u0022\u003ECitoyennet\u00e9 \u0026amp; communication\u003C\/div\u003E\n      \n\n              \u003C\/div\u003E\n\n      \u003Cp class=\u0022news-list-title\u0022\u003E\n        \u003Ca href=\u0022\/actualites\/avis-aux-proprietaires-fonciers\u0022 rel=\u0022bookmark\u0022 title=\u0022AVIS AUX PROPRIETAIRES FONCIERS\u0022 class=\u0022news-list-link\u0022\u003E\u003Cspan class=\u0022field field--name-title field--type-string field--label-hidden\u0022\u003EAVIS AUX PROPRIETAIRES FONCIERS\u003C\/span\u003E\n\u003C\/a\u003E\n      \u003C\/p\u003E\n    \u003C\/div\u003E\n\n  \u003C\/article\u003E\n\n\t\t\t\t\t\t\t\u003C\/div\u003E\n\n\t\t\t\t\t\t\t\t\t\t\t\t\t\n\t\t\t\t\t\t\t\u003Cdiv class=\u0022column small-12 medium-6 large-3 js-fade-scroll\u0022\u003E\n\t\t\t\t\t\t\t\t\t\n \n  \u003Carticle class=\u0022node node--type-news node--view-mode-news-list\u0022\u003E\n\n    \u003Cdiv class=\u0022news-list-header\u0022\u003E\n            \n            \u003Cdiv class=\u0022field field--name-field-image field--type-image field--label-hidden field__item\u0022\u003E  \u003Cimg loading=\u0022lazy\u0022 class=\u0022field-image-img image-style-news-list\u0022 src=\u0022\/sites\/default\/files\/styles\/news_list\/public\/news_illustrations\/Couv_0.JPG?itok=tF1OGtez\u0022 width=\u0022320\u0022 height=\u0022290\u0022 alt=\u0022Couverture du bulletin municipal de Dissay (Dissay les \u00c9chos) du deuxi\u00e8me semestre 2023\u0022 \/\u003E\n\n\n\u003C\/div\u003E\n      \n    \u003C\/div\u003E\n\n    \u003Cdiv class=\u0022news-list-content\u0022\u003E\n      \u003Cdiv class=\u0022news-list-metas\u0022\u003E\n                \n            \u003Cdiv class=\u0022field field--name-field-theme field--type-entity-reference field--label-hidden field__item\u0022\u003ECitoyennet\u00e9 \u0026amp; communication\u003C\/div\u003E\n      \n\n              \u003C\/div\u003E\n\n      \u003Cp class=\u0022news-list-title\u0022\u003E\n        \u003Ca href=\u0022\/actualites\/dissay-les-echos-deuxieme-semestre-2023\u0022 rel=\u0022bookmark\u0022 title=\u0022Dissay les \u00c9chos , deuxi\u00e8me semestre 2023\u0022 class=\u0022news-list-link\u0022\u003E\u003Cspan class=\u0022field field--name-title field--type-string field--label-hidden\u0022\u003EDissay les \u00c9chos , deuxi\u00e8me semestre 2023\u003C\/span\u003E\n\u003C\/a\u003E\n      \u003C\/p\u003E\n    \u003C\/div\u003E\n\n  \u003C\/article\u003E\n\n\t\t\t\t\t\t\t\u003C\/div\u003E\n\n\t\t\t\t\t\t\t\t\t\t\t\t\t\n\t\t\t\t\t\t\t\u003Cdiv class=\u0022column small-12 medium-6 large-3 js-fade-scroll\u0022\u003E\n\t\t\t\t\t\t\t\t\t\n \n  \u003Carticle class=\u0022node node--type-news node--view-mode-news-list\u0022\u003E\n\n    \u003Cdiv class=\u0022news-list-header\u0022\u003E\n            \n            \u003Cdiv class=\u0022field field--name-field-image field--type-image field--label-hidden field__item\u0022\u003E  \u003Cimg loading=\u0022lazy\u0022 class=\u0022field-image-img image-style-news-list\u0022 src=\u0022\/sites\/default\/files\/styles\/news_list\/public\/news_illustrations\/1080x1080.jpg?itok=gCelqlCa\u0022 width=\u0022320\u0022 height=\u0022290\u0022 alt=\u0022Affiche du plan de mobilit\u00e9 de Grand poitiers\u0022 \/\u003E\n\n\n\u003C\/div\u003E\n      \n    \u003C\/div\u003E\n\n    \u003Cdiv class=\u0022news-list-content\u0022\u003E\n      \u003Cdiv class=\u0022news-list-metas\u0022\u003E\n                \n            \u003Cdiv class=\u0022field field--name-field-theme field--type-entity-reference field--label-hidden field__item\u0022\u003ECitoyennet\u00e9 \u0026amp; communication\u003C\/div\u003E\n      \n\n              \u003C\/div\u003E\n\n      \u003Cp class=\u0022news-list-title\u0022\u003E\n        \u003Ca href=\u0022\/actualites\/enquete-participative\u0022 rel=\u0022bookmark\u0022 title=\u0022Enqu\u00eate participative\u0022 class=\u0022news-list-link\u0022\u003E\u003Cspan class=\u0022field field--name-title field--type-string field--label-hidden\u0022\u003EEnqu\u00eate participative\u003C\/span\u003E\n\u003C\/a\u003E\n      \u003C\/p\u003E\n    \u003C\/div\u003E\n\n  \u003C\/article\u003E\n\n\t\t\t\t\t\t\t\u003C\/div\u003E\n\n\t\t\t\t\t\t\t\t\t\t\t\t\t\n\t\t\t\t\t\t\t\u003Cdiv class=\u0022column small-12 medium-6 large-3 js-fade-scroll\u0022\u003E\n\t\t\t\t\t\t\t\t\t\n \n  \u003Carticle class=\u0022node node--type-news node--view-mode-news-list\u0022\u003E\n\n    \u003Cdiv class=\u0022news-list-header\u0022\u003E\n            \n            \u003Cdiv class=\u0022field field--name-field-image field--type-image field--label-hidden field__item\u0022\u003E  \u003Cimg loading=\u0022lazy\u0022 class=\u0022field-image-img image-style-news-list\u0022 src=\u0022\/sites\/default\/files\/styles\/news_list\/public\/news_illustrations\/fissure%20mur.jpg?itok=JYF4OGPM\u0022 width=\u0022320\u0022 height=\u0022290\u0022 alt=\u0022Fissure mur\u0022 \/\u003E\n\n\n\u003C\/div\u003E\n      \n    \u003C\/div\u003E\n\n    \u003Cdiv class=\u0022news-list-content\u0022\u003E\n      \u003Cdiv class=\u0022news-list-metas\u0022\u003E\n                \n            \u003Cdiv class=\u0022field field--name-field-theme field--type-entity-reference field--label-hidden field__item\u0022\u003ECitoyennet\u00e9 \u0026amp; communication\u003C\/div\u003E\n      \n\n              \u003C\/div\u003E\n\n      \u003Cp class=\u0022news-list-title\u0022\u003E\n        \u003Ca href=\u0022\/actualites\/reconnaissance-de-letat-de-catastrophe-naturelle\u0022 rel=\u0022bookmark\u0022 title=\u0022Reconnaissance de l\u0026#039;\u00e9tat de catastrophe naturelle\u0022 class=\u0022news-list-link\u0022\u003E\u003Cspan class=\u0022field field--name-title field--type-string field--label-hidden\u0022\u003EReconnaissance de l\u0026#039;\u00e9tat de catastrophe naturelle\u003C\/span\u003E\n\u003C\/a\u003E\n      \u003C\/p\u003E\n    \u003C\/div\u003E\n\n  \u003C\/article\u003E\n\n\t\t\t\t\t\t\t\u003C\/div\u003E\n\n\t\t\t\t\t\t\t\t\t\t\t\t\t\n\t\t\t\t\t\t\t\u003Cdiv class=\u0022column small-12 medium-6 large-3 js-fade-scroll\u0022\u003E\n\t\t\t\t\t\t\t\t\t\n \n  \u003Carticle class=\u0022node node--type-news node--view-mode-news-list\u0022\u003E\n\n    \u003Cdiv class=\u0022news-list-header\u0022\u003E\n            \n            \u003Cdiv class=\u0022field field--name-field-image field--type-image field--label-hidden field__item\u0022\u003E  \u003Cimg loading=\u0022lazy\u0022 class=\u0022field-image-img image-style-news-list\u0022 src=\u0022\/sites\/default\/files\/styles\/news_list\/public\/news_illustrations\/Ramassag%20emballages-papiers.png?itok=9mn-7kN8\u0022 width=\u0022320\u0022 height=\u0022290\u0022 alt=\u0022Image GP ramassage tri\u0022 \/\u003E\n\n\n\u003C\/div\u003E\n      \n    \u003C\/div\u003E\n\n    \u003Cdiv class=\u0022news-list-content\u0022\u003E\n      \u003Cdiv class=\u0022news-list-metas\u0022\u003E\n                \n            \u003Cdiv class=\u0022field field--name-field-theme field--type-entity-reference field--label-hidden field__item\u0022\u003ECitoyennet\u00e9 \u0026amp; communication\u003C\/div\u003E\n      \n\n              \u003C\/div\u003E\n\n      \u003Cp class=\u0022news-list-title\u0022\u003E\n        \u003Ca href=\u0022\/actualites\/jours-feries-du-mois-de-mai-collecte-des-emballages-papiers-modifiee\u0022 rel=\u0022bookmark\u0022 title=\u0022Jours f\u00e9ri\u00e9s du mois de Mai : collecte des emballages-papiers modifi\u00e9e\u0022 class=\u0022news-list-link\u0022\u003E\u003Cspan class=\u0022field field--name-title field--type-string field--label-hidden\u0022\u003EJours f\u00e9ri\u00e9s du mois de Mai : collecte des emballages-papiers modifi\u00e9e\u003C\/span\u003E\n\u003C\/a\u003E\n      \u003C\/p\u003E\n    \u003C\/div\u003E\n\n  \u003C\/article\u003E\n\n\t\t\t\t\t\t\t\u003C\/div\u003E\n\n\t\t\t\t\t\t\t\t\t\t\t\t\t\n\t\t\t\t\t\t\t\u003Cdiv class=\u0022column small-12 medium-6 large-3 js-fade-scroll\u0022\u003E\n\t\t\t\t\t\t\t\t\t\n \n  \u003Carticle class=\u0022node node--type-news node--view-mode-news-list\u0022\u003E\n\n    \u003Cdiv class=\u0022news-list-header\u0022\u003E\n            \n            \u003Cdiv class=\u0022field field--name-field-image field--type-image field--label-hidden field__item\u0022\u003E  \u003Cimg loading=\u0022lazy\u0022 class=\u0022field-image-img image-style-news-list\u0022 src=\u0022\/sites\/default\/files\/styles\/news_list\/public\/news_illustrations\/S%C3%A9cheresse.jpg?itok=orABBsmL\u0022 width=\u0022320\u0022 height=\u0022290\u0022 alt=\u0022Image s\u00e9cheresse\u0022 \/\u003E\n\n\n\u003C\/div\u003E\n      \n    \u003C\/div\u003E\n\n    \u003Cdiv class=\u0022news-list-content\u0022\u003E\n      \u003Cdiv class=\u0022news-list-metas\u0022\u003E\n                \n            \u003Cdiv class=\u0022field field--name-field-theme field--type-entity-reference field--label-hidden field__item\u0022\u003ECitoyennet\u00e9 \u0026amp; communication\u003C\/div\u003E\n      \n\n              \u003C\/div\u003E\n\n      \u003Cp class=\u0022news-list-title\u0022\u003E\n        \u003Ca href=\u0022\/actualites\/vigilance-secheresse\u0022 rel=\u0022bookmark\u0022 title=\u0022Vigilance s\u00e9cheresse\u0022 class=\u0022news-list-link\u0022\u003E\u003Cspan class=\u0022field field--name-title field--type-string field--label-hidden\u0022\u003EVigilance s\u00e9cheresse\u003C\/span\u003E\n\u003C\/a\u003E\n      \u003C\/p\u003E\n    \u003C\/div\u003E\n\n  \u003C\/article\u003E\n\n\t\t\t\t\t\t\t\u003C\/div\u003E\n\n\t\t\t\t\t\t\t\t\t\t\t\t\t\n\t\t\t\t\t\t\t\u003Cdiv class=\u0022column small-12 medium-6 large-3 js-fade-scroll\u0022\u003E\n\t\t\t\t\t\t\t\t\t\n \n  \u003Carticle class=\u0022node node--type-news node--view-mode-news-list\u0022\u003E\n\n    \u003Cdiv class=\u0022news-list-header\u0022\u003E\n            \n            \u003Cdiv class=\u0022field field--name-field-image field--type-image field--label-hidden field__item\u0022\u003E  \u003Cimg loading=\u0022lazy\u0022 class=\u0022field-image-img image-style-news-list\u0022 src=\u0022\/sites\/default\/files\/styles\/news_list\/public\/news_illustrations\/logo-TZC-V.png?itok=aSMVv8vU\u0022 width=\u0022320\u0022 height=\u0022290\u0022 alt=\u0022Logo TZCLD\u0022 \/\u003E\n\n\n\u003C\/div\u003E\n      \n    \u003C\/div\u003E\n\n    \u003Cdiv class=\u0022news-list-content\u0022\u003E\n      \u003Cdiv class=\u0022news-list-metas\u0022\u003E\n                \n            \u003Cdiv class=\u0022field field--name-field-theme field--type-entity-reference field--label-hidden field__item\u0022\u003ECitoyennet\u00e9 \u0026amp; communication\u003C\/div\u003E\n      \n\n              \u003C\/div\u003E\n\n      \u003Cp class=\u0022news-list-title\u0022\u003E\n        \u003Ca href=\u0022\/actualites\/territoires-zero-chomeur-mene-lenquete\u0022 rel=\u0022bookmark\u0022 title=\u0022Territoires Z\u00e9ro Ch\u00f4meur m\u00e8ne l\u0026#039;enqu\u00eate !\u0022 class=\u0022news-list-link\u0022\u003E\u003Cspan class=\u0022field field--name-title field--type-string field--label-hidden\u0022\u003ETerritoires Z\u00e9ro Ch\u00f4meur m\u00e8ne l\u0026#039;enqu\u00eate !\u003C\/span\u003E\n\u003C\/a\u003E\n      \u003C\/p\u003E\n    \u003C\/div\u003E\n\n  \u003C\/article\u003E\n\n\t\t\t\t\t\t\t\u003C\/div\u003E\n\n\t\t\t\t\t\t\t\t\t\t\t\t\t\n\t\t\t\t\t\t\t\u003Cdiv class=\u0022column small-12 medium-6 large-3 js-fade-scroll\u0022\u003E\n\t\t\t\t\t\t\t\t\t\n \n  \u003Carticle class=\u0022node node--type-news node--view-mode-news-list\u0022\u003E\n\n    \u003Cdiv class=\u0022news-list-header\u0022\u003E\n            \n            \u003Cdiv class=\u0022field field--name-field-image field--type-image field--label-hidden field__item\u0022\u003E  \u003Cimg loading=\u0022lazy\u0022 class=\u0022field-image-img image-style-news-list\u0022 src=\u0022\/sites\/default\/files\/styles\/news_list\/public\/news_illustrations\/recensement_carr%C3%A9.JPG?itok=YIE_k_vH\u0022 width=\u0022320\u0022 height=\u0022290\u0022 alt=\u0022Visuel du recensement 2023\u0022 \/\u003E\n\n\n\u003C\/div\u003E\n      \n    \u003C\/div\u003E\n\n    \u003Cdiv class=\u0022news-list-content\u0022\u003E\n      \u003Cdiv class=\u0022news-list-metas\u0022\u003E\n                \n            \u003Cdiv class=\u0022field field--name-field-theme field--type-entity-reference field--label-hidden field__item\u0022\u003ECitoyennet\u00e9 \u0026amp; communication\u003C\/div\u003E\n      \n\n              \u003C\/div\u003E\n\n      \u003Cp class=\u0022news-list-title\u0022\u003E\n        \u003Ca href=\u0022\/actualites\/avec-le-recensement-comptons-nous\u0022 rel=\u0022bookmark\u0022 title=\u0022Avec le recensement, comptons-nous\u0022 class=\u0022news-list-link\u0022\u003E\u003Cspan class=\u0022field field--name-title field--type-string field--label-hidden\u0022\u003EAvec le recensement, comptons-nous\u003C\/span\u003E\n\u003C\/a\u003E\n      \u003C\/p\u003E\n    \u003C\/div\u003E\n\n  \u003C\/article\u003E\n\n\t\t\t\t\t\t\t\u003C\/div\u003E\n\n\t\t\t\t\t\t\t\t\t\t\t\t\t\n\t\t\t\t\t\t\t\u003Cdiv class=\u0022column small-12 medium-6 large-3 js-fade-scroll\u0022\u003E\n\t\t\t\t\t\t\t\t\t\n \n  \u003Carticle class=\u0022node node--type-news node--view-mode-news-list\u0022\u003E\n\n    \u003Cdiv class=\u0022news-list-header\u0022\u003E\n            \n            \u003Cdiv class=\u0022field field--name-field-image field--type-image field--label-hidden field__item\u0022\u003E  \u003Cimg loading=\u0022lazy\u0022 class=\u0022field-image-img image-style-news-list\u0022 src=\u0022\/sites\/default\/files\/styles\/news_list\/public\/news_illustrations\/Agenda2023.JPG?itok=_ShqtF8N\u0022 width=\u0022320\u0022 height=\u0022290\u0022 alt=\u0022Extrait de l\u0026#039;agenda 2023\u0022 \/\u003E\n\n\n\u003C\/div\u003E\n      \n    \u003C\/div\u003E\n\n    \u003Cdiv class=\u0022news-list-content\u0022\u003E\n      \u003Cdiv class=\u0022news-list-metas\u0022\u003E\n                \n            \u003Cdiv class=\u0022field field--name-field-theme field--type-entity-reference field--label-hidden field__item\u0022\u003ECitoyennet\u00e9 \u0026amp; communication\u003C\/div\u003E\n      \n\n              \u003C\/div\u003E\n\n      \u003Cp class=\u0022news-list-title\u0022\u003E\n        \u003Ca href=\u0022\/actualites\/lagenda-de-dissay-2023\u0022 rel=\u0022bookmark\u0022 title=\u0022L\u0026#039;agenda de Dissay 2023\u0022 class=\u0022news-list-link\u0022\u003E\u003Cspan class=\u0022field field--name-title field--type-string field--label-hidden\u0022\u003EL\u0026#039;agenda de Dissay 2023\u003C\/span\u003E\n\u003C\/a\u003E\n      \u003C\/p\u003E\n    \u003C\/div\u003E\n\n  \u003C\/article\u003E\n\n\t\t\t\t\t\t\t\u003C\/div\u003E\n\n\t\t\t\t\t\t\t\t\t\t\t\t\t\n\t\t\t\t\t\t\t\u003Cdiv class=\u0022column small-12 medium-6 large-3 js-fade-scroll\u0022\u003E\n\t\t\t\t\t\t\t\t\t\n \n  \u003Carticle class=\u0022node node--type-news node--view-mode-news-list\u0022\u003E\n\n    \u003Cdiv class=\u0022news-list-header\u0022\u003E\n            \n            \u003Cdiv class=\u0022field field--name-field-image field--type-image field--label-hidden field__item\u0022\u003E  \u003Cimg loading=\u0022lazy\u0022 class=\u0022field-image-img image-style-news-list\u0022 src=\u0022\/sites\/default\/files\/styles\/news_list\/public\/news_illustrations\/Voeux_carr%C3%A9.jpg?itok=kBYzpkDl\u0022 width=\u0022320\u0022 height=\u0022290\u0022 alt=\u0022Visuel voeux 2023\u0022 \/\u003E\n\n\n\u003C\/div\u003E\n      \n    \u003C\/div\u003E\n\n    \u003Cdiv class=\u0022news-list-content\u0022\u003E\n      \u003Cdiv class=\u0022news-list-metas\u0022\u003E\n                \n            \u003Cdiv class=\u0022field field--name-field-theme field--type-entity-reference field--label-hidden field__item\u0022\u003ECitoyennet\u00e9 \u0026amp; communication\u003C\/div\u003E\n      \n\n              \u003C\/div\u003E\n\n      \u003Cp class=\u0022news-list-title\u0022\u003E\n        \u003Ca href=\u0022\/actualites\/voeux-2023\u0022 rel=\u0022bookmark\u0022 title=\u0022Voeux 2023\u0022 class=\u0022news-list-link\u0022\u003E\u003Cspan class=\u0022field field--name-title field--type-string field--label-hidden\u0022\u003EVoeux 2023\u003C\/span\u003E\n\u003C\/a\u003E\n      \u003C\/p\u003E\n    \u003C\/div\u003E\n\n  \u003C\/article\u003E\n\n\t\t\t\t\t\t\t\u003C\/div\u003E\n\n\t\t\t\t\t\t\t\t\t\t\t\t\t\n\t\t\t\t\t\t\t\u003Cdiv class=\u0022column small-12 medium-6 large-3 js-fade-scroll\u0022\u003E\n\t\t\t\t\t\t\t\t\t\n \n  \u003Carticle class=\u0022node node--type-news node--promoted node--view-mode-news-list\u0022\u003E\n\n    \u003Cdiv class=\u0022news-list-header\u0022\u003E\n            \n            \u003Cdiv class=\u0022field field--name-field-image field--type-image field--label-hidden field__item\u0022\u003E  \u003Cimg loading=\u0022lazy\u0022 class=\u0022field-image-img image-style-news-list\u0022 src=\u0022\/sites\/default\/files\/styles\/news_list\/public\/news_illustrations\/crack-695010_1920.jpg?itok=aue0iKzt\u0022 width=\u0022320\u0022 height=\u0022290\u0022 alt=\u0022Fissure dans un mur\u0022 \/\u003E\n\n\n\u003C\/div\u003E\n      \n    \u003C\/div\u003E\n\n    \u003Cdiv class=\u0022news-list-content\u0022\u003E\n      \u003Cdiv class=\u0022news-list-metas\u0022\u003E\n                \n            \u003Cdiv class=\u0022field field--name-field-theme field--type-entity-reference field--label-hidden field__item\u0022\u003ECitoyennet\u00e9 \u0026amp; communication\u003C\/div\u003E\n      \n\n              \u003C\/div\u003E\n\n      \u003Cp class=\u0022news-list-title\u0022\u003E\n        \u003Ca href=\u0022\/actualites\/secheresse-reconnaissance-de-letat-de-catastrophe-naturelle\u0022 rel=\u0022bookmark\u0022 title=\u0022SECHERESSE - Reconnaissance de l\u0026#039;\u00e9tat de catastrophe naturelle\u0022 class=\u0022news-list-link\u0022\u003E\u003Cspan class=\u0022field field--name-title field--type-string field--label-hidden\u0022\u003ESECHERESSE - Reconnaissance de l\u0026#039;\u00e9tat de catastrophe naturelle\u003C\/span\u003E\n\u003C\/a\u003E\n      \u003C\/p\u003E\n    \u003C\/div\u003E\n\n  \u003C\/article\u003E\n\n\t\t\t\t\t\t\t\u003C\/div\u003E\n\n\t\t\t\t\t\t\t\t\t\t\t\t\t\n\t\t\t\t\t\t\t\u003Cdiv class=\u0022column small-12 medium-6 large-3 js-fade-scroll\u0022\u003E\n\t\t\t\t\t\t\t\t\t\n \n  \u003Carticle class=\u0022node node--type-news node--view-mode-news-list\u0022\u003E\n\n    \u003Cdiv class=\u0022news-list-header\u0022\u003E\n            \n            \u003Cdiv class=\u0022field field--name-field-image field--type-image field--label-hidden field__item\u0022\u003E  \u003Cimg loading=\u0022lazy\u0022 class=\u0022field-image-img image-style-news-list\u0022 src=\u0022\/sites\/default\/files\/styles\/news_list\/public\/news_illustrations\/recensement2023.png?itok=Angl0iaE\u0022 width=\u0022320\u0022 height=\u0022290\u0022 alt=\u0022Visuel du recensement 2023\u0022 \/\u003E\n\n\n\u003C\/div\u003E\n      \n    \u003C\/div\u003E\n\n    \u003Cdiv class=\u0022news-list-content\u0022\u003E\n      \u003Cdiv class=\u0022news-list-metas\u0022\u003E\n                \n            \u003Cdiv class=\u0022field field--name-field-theme field--type-entity-reference field--label-hidden field__item\u0022\u003ECitoyennet\u00e9 \u0026amp; communication\u003C\/div\u003E\n      \n\n              \u003C\/div\u003E\n\n      \u003Cp class=\u0022news-list-title\u0022\u003E\n        \u003Ca href=\u0022\/actualites\/recrutement-dagents-recenseurs\u0022 rel=\u0022bookmark\u0022 title=\u0022Recrutement d\u0026#039;agents recenseurs\u0022 class=\u0022news-list-link\u0022\u003E\u003Cspan class=\u0022field field--name-title field--type-string field--label-hidden\u0022\u003ERecrutement d\u0026#039;agents recenseurs\u003C\/span\u003E\n\u003C\/a\u003E\n      \u003C\/p\u003E\n    \u003C\/div\u003E\n\n  \u003C\/article\u003E\n\n\t\t\t\t\t\t\t\u003C\/div\u003E\n\n\t\t\t\t\t\t\t\t\t\t\t\t\t\n\t\t\t\t\t\t\t\u003Cdiv class=\u0022column small-12 medium-6 large-3 js-fade-scroll\u0022\u003E\n\t\t\t\t\t\t\t\t\t\n \n  \u003Carticle class=\u0022node node--type-news node--view-mode-news-list\u0022\u003E\n\n    \u003Cdiv class=\u0022news-list-header\u0022\u003E\n            \n            \u003Cdiv class=\u0022field field--name-field-image field--type-image field--label-hidden field__item\u0022\u003E  \u003Cimg loading=\u0022lazy\u0022 class=\u0022field-image-img image-style-news-list\u0022 src=\u0022\/sites\/default\/files\/styles\/news_list\/public\/news_illustrations\/Image%20VITALIS_1.png?itok=vKzbrs2-\u0022 width=\u0022320\u0022 height=\u0022290\u0022 alt=\u0022Logo Vitalis\u0022 \/\u003E\n\n\n\u003C\/div\u003E\n      \n    \u003C\/div\u003E\n\n    \u003Cdiv class=\u0022news-list-content\u0022\u003E\n      \u003Cdiv class=\u0022news-list-metas\u0022\u003E\n                \n            \u003Cdiv class=\u0022field field--name-field-theme field--type-entity-reference field--label-hidden field__item\u0022\u003ECitoyennet\u00e9 \u0026amp; communication\u003C\/div\u003E\n      \n\n              \u003C\/div\u003E\n\n      \u003Cp class=\u0022news-list-title\u0022\u003E\n        \u003Ca href=\u0022\/actualites\/vitalis-lignes-regulieres-et-flexe-bus\u0022 rel=\u0022bookmark\u0022 title=\u0022VITALIS lignes r\u00e9guli\u00e8res et Flex\u0026#039;e-bus\u0022 class=\u0022news-list-link\u0022\u003E\u003Cspan class=\u0022field field--name-title field--type-string field--label-hidden\u0022\u003EVITALIS lignes r\u00e9guli\u00e8res et Flex\u0026#039;e-bus\u003C\/span\u003E\n\u003C\/a\u003E\n      \u003C\/p\u003E\n    \u003C\/div\u003E\n\n  \u003C\/article\u003E\n\n\t\t\t\t\t\t\t\u003C\/div\u003E\n\n\t\t\t\t\t\t\t\t\t\t\t\t\t\n\t\t\t\t\t\t\t\u003Cdiv class=\u0022column small-12 medium-6 large-3 js-fade-scroll\u0022\u003E\n\t\t\t\t\t\t\t\t\t\n \n  \u003Carticle class=\u0022node node--type-news node--view-mode-news-list\u0022\u003E\n\n    \u003Cdiv class=\u0022news-list-header\u0022\u003E\n            \n            \u003Cdiv class=\u0022field field--name-field-image field--type-image field--label-hidden field__item\u0022\u003E  \u003Cimg loading=\u0022lazy\u0022 class=\u0022field-image-img image-style-news-list\u0022 src=\u0022\/sites\/default\/files\/styles\/news_list\/public\/news_illustrations\/Logo%20carte%20VPASS%20VITALIS.png?itok=dOk0rQkp\u0022 width=\u0022320\u0022 height=\u0022290\u0022 alt=\u0022Logo vpass Vitalis\u0022 \/\u003E\n\n\n\u003C\/div\u003E\n      \n    \u003C\/div\u003E\n\n    \u003Cdiv class=\u0022news-list-content\u0022\u003E\n      \u003Cdiv class=\u0022news-list-metas\u0022\u003E\n                \n            \u003Cdiv class=\u0022field field--name-field-theme field--type-entity-reference field--label-hidden field__item\u0022\u003ECitoyennet\u00e9 \u0026amp; communication\u003C\/div\u003E\n      \n\n              \u003C\/div\u003E\n\n      \u003Cp class=\u0022news-list-title\u0022\u003E\n        \u003Ca href=\u0022\/actualites\/relais-vitalis-dissay\u0022 rel=\u0022bookmark\u0022 title=\u0022Relais Vitalis \u00e0 Dissay\u0022 class=\u0022news-list-link\u0022\u003E\u003Cspan class=\u0022field field--name-title field--type-string field--label-hidden\u0022\u003ERelais Vitalis \u00e0 Dissay\u003C\/span\u003E\n\u003C\/a\u003E\n      \u003C\/p\u003E\n    \u003C\/div\u003E\n\n  \u003C\/article\u003E\n\n\t\t\t\t\t\t\t\u003C\/div\u003E\n\n\t\t\t\t\t\t\t\t\t\t\t\t\t\n\t\t\t\t\t\t\t\u003Cdiv class=\u0022column small-12 medium-6 large-3 js-fade-scroll\u0022\u003E\n\t\t\t\t\t\t\t\t\t\n \n  \u003Carticle class=\u0022node node--type-news node--view-mode-news-list\u0022\u003E\n\n    \u003Cdiv class=\u0022news-list-header\u0022\u003E\n            \n            \u003Cdiv class=\u0022field field--name-field-image field--type-image field--label-hidden field__item\u0022\u003E  \u003Cimg loading=\u0022lazy\u0022 class=\u0022field-image-img image-style-news-list\u0022 src=\u0022\/sites\/default\/files\/styles\/news_list\/public\/news_illustrations\/ECONOMISONS%20L%27EAU_Poche.png?itok=DQanZ9D_\u0022 width=\u0022320\u0022 height=\u0022290\u0022 alt=\u0022Logo \u00e9conomisons l\u0026#039;eau\u0022 \/\u003E\n\n\n\u003C\/div\u003E\n      \n    \u003C\/div\u003E\n\n    \u003Cdiv class=\u0022news-list-content\u0022\u003E\n      \u003Cdiv class=\u0022news-list-metas\u0022\u003E\n                \n            \u003Cdiv class=\u0022field field--name-field-theme field--type-entity-reference field--label-hidden field__item\u0022\u003ECitoyennet\u00e9 \u0026amp; communication\u003C\/div\u003E\n      \n\n              \u003C\/div\u003E\n\n      \u003Cp class=\u0022news-list-title\u0022\u003E\n        \u003Ca href=\u0022\/actualites\/secheresse-economisons-leau\u0022 rel=\u0022bookmark\u0022 title=\u0022S\u00e9cheresse : \u00e9conomisons l\u0026#039;eau\u0022 class=\u0022news-list-link\u0022\u003E\u003Cspan class=\u0022field field--name-title field--type-string field--label-hidden\u0022\u003ES\u00e9cheresse : \u00e9conomisons l\u0026#039;eau\u003C\/span\u003E\n\u003C\/a\u003E\n      \u003C\/p\u003E\n    \u003C\/div\u003E\n\n  \u003C\/article\u003E\n\n\t\t\t\t\t\t\t\u003C\/div\u003E\n\n\t\t\t\t\t\t\t\t\t\t\t\t\t\n\t\t\t\t\t\t\t\u003Cdiv class=\u0022column small-12 medium-6 large-3 js-fade-scroll\u0022\u003E\n\t\t\t\t\t\t\t\t\t\n \n  \u003Carticle class=\u0022node node--type-news node--view-mode-news-list\u0022\u003E\n\n    \u003Cdiv class=\u0022news-list-header\u0022\u003E\n            \n            \u003Cdiv class=\u0022field field--name-field-image field--type-image field--label-hidden field__item\u0022\u003E  \u003Cimg loading=\u0022lazy\u0022 class=\u0022field-image-img image-style-news-list\u0022 src=\u0022\/sites\/default\/files\/styles\/news_list\/public\/news_illustrations\/Couverture_DLE-2022-07.jpg?itok=aFvwOPHy\u0022 width=\u0022320\u0022 height=\u0022290\u0022 alt=\u0022Couverture du bulletin municipale\u0022 \/\u003E\n\n\n\u003C\/div\u003E\n      \n    \u003C\/div\u003E\n\n    \u003Cdiv class=\u0022news-list-content\u0022\u003E\n      \u003Cdiv class=\u0022news-list-metas\u0022\u003E\n                \n            \u003Cdiv class=\u0022field field--name-field-theme field--type-entity-reference field--label-hidden field__item\u0022\u003ECitoyennet\u00e9 \u0026amp; communication\u003C\/div\u003E\n      \n\n              \u003C\/div\u003E\n\n      \u003Cp class=\u0022news-list-title\u0022\u003E\n        \u003Ca href=\u0022\/actualites\/dissay-les-echos-deuxieme-semestre-2022\u0022 rel=\u0022bookmark\u0022 title=\u0022Dissay les \u00e9chos - deuxi\u00e8me semestre 2022\u0022 class=\u0022news-list-link\u0022\u003E\u003Cspan class=\u0022field field--name-title field--type-string field--label-hidden\u0022\u003EDissay les \u00e9chos - deuxi\u00e8me semestre 2022\u003C\/span\u003E\n\u003C\/a\u003E\n      \u003C\/p\u003E\n    \u003C\/div\u003E\n\n  \u003C\/article\u003E\n\n\t\t\t\t\t\t\t\u003C\/div\u003E\n\n\t\t\t\t\t\t\t\t\t\t\t\t\t\n\t\t\t\t\t\t\t\u003Cdiv class=\u0022column small-12 medium-6 large-3 js-fade-scroll\u0022\u003E\n\t\t\t\t\t\t\t\t\t\n \n  \u003Carticle class=\u0022node node--type-news node--view-mode-news-list\u0022\u003E\n\n    \u003Cdiv class=\u0022news-list-header\u0022\u003E\n            \n            \u003Cdiv class=\u0022field field--name-field-image field--type-image field--label-hidden field__item\u0022\u003E  \u003Cimg loading=\u0022lazy\u0022 class=\u0022field-image-img image-style-news-list\u0022 src=\u0022\/sites\/default\/files\/styles\/news_list\/public\/events_illustrations\/Urne.jpg?itok=DzWqZum7\u0022 width=\u0022320\u0022 height=\u0022290\u0022 alt=\u0022Dessin d\u0026#039;une urne \u00e9lectorale\u0022 \/\u003E\n\n\n\u003C\/div\u003E\n      \n    \u003C\/div\u003E\n\n    \u003Cdiv class=\u0022news-list-content\u0022\u003E\n      \u003Cdiv class=\u0022news-list-metas\u0022\u003E\n                \n            \u003Cdiv class=\u0022field field--name-field-theme field--type-entity-reference field--label-hidden field__item\u0022\u003ECitoyennet\u00e9 \u0026amp; communication\u003C\/div\u003E\n      \n\n              \u003C\/div\u003E\n\n      \u003Cp class=\u0022news-list-title\u0022\u003E\n        \u003Ca href=\u0022\/actualites\/reultats-du-deuxieme-tour-de-lelection-legislative-dissay\u0022 rel=\u0022bookmark\u0022 title=\u0022R\u00e9ultats du deuxi\u00e8me tour de l\u0026#039;\u00e9lection l\u00e9gislative \u00e0 Dissay\u0022 class=\u0022news-list-link\u0022\u003E\u003Cspan class=\u0022field field--name-title field--type-string field--label-hidden\u0022\u003ER\u00e9ultats du deuxi\u00e8me tour de l\u0026#039;\u00e9lection l\u00e9gislative \u00e0 Dissay\u003C\/span\u003E\n\u003C\/a\u003E\n      \u003C\/p\u003E\n    \u003C\/div\u003E\n\n  \u003C\/article\u003E\n\n\t\t\t\t\t\t\t\u003C\/div\u003E\n\n\t\t\t\t\t\t\t\t\t\t\t\t\t\n\t\t\t\t\t\t\t\u003Cdiv class=\u0022column small-12 medium-6 large-3 js-fade-scroll\u0022\u003E\n\t\t\t\t\t\t\t\t\t\n \n  \u003Carticle class=\u0022node node--type-news node--view-mode-news-list\u0022\u003E\n\n    \u003Cdiv class=\u0022news-list-header\u0022\u003E\n            \n            \u003Cdiv class=\u0022field field--name-field-image field--type-image field--label-hidden field__item\u0022\u003E  \u003Cimg loading=\u0022lazy\u0022 class=\u0022field-image-img image-style-news-list\u0022 src=\u0022\/sites\/default\/files\/styles\/news_list\/public\/events_illustrations\/carte_electorale%2BCNI_0.jpg?itok=_S7p-dRd\u0022 width=\u0022320\u0022 height=\u0022290\u0022 alt=\u0022Carte \u00e9lectorale et carte d\u0026#039;identit\u00e9\u0022 \/\u003E\n\n\n\u003C\/div\u003E\n      \n    \u003C\/div\u003E\n\n    \u003Cdiv class=\u0022news-list-content\u0022\u003E\n      \u003Cdiv class=\u0022news-list-metas\u0022\u003E\n                \n            \u003Cdiv class=\u0022field field--name-field-theme field--type-entity-reference field--label-hidden field__item\u0022\u003ECitoyennet\u00e9 \u0026amp; communication\u003C\/div\u003E\n      \n\n              \u003C\/div\u003E\n\n      \u003Cp class=\u0022news-list-title\u0022\u003E\n        \u003Ca href=\u0022\/actualites\/elections-legislatives-resultats-du-premier-tour-dissay\u0022 rel=\u0022bookmark\u0022 title=\u0022\u00c9lections l\u00e9gislatives, r\u00e9sultats du premier tour \u00e0 Dissay\u0022 class=\u0022news-list-link\u0022\u003E\u003Cspan class=\u0022field field--name-title field--type-string field--label-hidden\u0022\u003E\u00c9lections l\u00e9gislatives, r\u00e9sultats du premier tour \u00e0 Dissay\u003C\/span\u003E\n\u003C\/a\u003E\n      \u003C\/p\u003E\n    \u003C\/div\u003E\n\n  \u003C\/article\u003E\n\n\t\t\t\t\t\t\t\u003C\/div\u003E\n\n\t\t\t\t\t\t\t\t\t\t\t\t\t\n\t\t\t\t\t\t\t\u003Cdiv class=\u0022column small-12 medium-6 large-3 js-fade-scroll\u0022\u003E\n\t\t\t\t\t\t\t\t\t\n \n  \u003Carticle class=\u0022node node--type-news node--view-mode-news-list\u0022\u003E\n\n    \u003Cdiv class=\u0022news-list-header\u0022\u003E\n            \n            \u003Cdiv class=\u0022field field--name-field-image field--type-image field--label-hidden field__item\u0022\u003E  \u003Cimg loading=\u0022lazy\u0022 class=\u0022field-image-img image-style-news-list\u0022 src=\u0022\/sites\/default\/files\/styles\/news_list\/public\/news_illustrations\/CCE_P%C3%A4ris.jpg?itok=mmRVh_kz\u0022 width=\u0022320\u0022 height=\u0022290\u0022 alt=\u0022Le CCCE \u00e0 l\u0026#039;Assembl\u00e9e Nationale\u0022 \/\u003E\n\n\n\u003C\/div\u003E\n      \n    \u003C\/div\u003E\n\n    \u003Cdiv class=\u0022news-list-content\u0022\u003E\n      \u003Cdiv class=\u0022news-list-metas\u0022\u003E\n                \n            \u003Cdiv class=\u0022field field--name-field-theme field--type-entity-reference field--label-hidden field__item\u0022\u003ECitoyennet\u00e9 \u0026amp; communication\u003C\/div\u003E\n      \n\n              \u003C\/div\u003E\n\n      \u003Cp class=\u0022news-list-title\u0022\u003E\n        \u003Ca href=\u0022\/actualites\/le-cce-paris-0\u0022 rel=\u0022bookmark\u0022 title=\u0022Le CCE \u00e0 Paris\u0022 class=\u0022news-list-link\u0022\u003E\u003Cspan class=\u0022field field--name-title field--type-string field--label-hidden\u0022\u003ELe CCE \u00e0 Paris\u003C\/span\u003E\n\u003C\/a\u003E\n      \u003C\/p\u003E\n    \u003C\/div\u003E\n\n  \u003C\/article\u003E\n\n\t\t\t\t\t\t\t\u003C\/div\u003E\n\n\t\t\t\t\t\t\t\t\t\t\t\t\t\n\t\t\t\t\t\t\t\u003Cdiv class=\u0022column small-12 medium-6 large-3 js-fade-scroll\u0022\u003E\n\t\t\t\t\t\t\t\t\t\n \n  \u003Carticle class=\u0022node node--type-news node--view-mode-news-list\u0022\u003E\n\n    \u003Cdiv class=\u0022news-list-header\u0022\u003E\n            \n            \u003Cdiv class=\u0022field field--name-field-image field--type-image field--label-hidden field__item\u0022\u003E  \u003Cimg loading=\u0022lazy\u0022 class=\u0022field-image-img image-style-news-list\u0022 src=\u0022\/sites\/default\/files\/styles\/news_list\/public\/news_illustrations\/Urne_election_vote_1.png?itok=nKX4vNLk\u0022 width=\u0022320\u0022 height=\u0022290\u0022 alt=\u0022Dessin d\u0026#039;une urne \u00e9lectorale\u0022 \/\u003E\n\n\n\u003C\/div\u003E\n      \n    \u003C\/div\u003E\n\n    \u003Cdiv class=\u0022news-list-content\u0022\u003E\n      \u003Cdiv class=\u0022news-list-metas\u0022\u003E\n                \n            \u003Cdiv class=\u0022field field--name-field-theme field--type-entity-reference field--label-hidden field__item\u0022\u003ECitoyennet\u00e9 \u0026amp; communication\u003C\/div\u003E\n      \n\n              \u003C\/div\u003E\n\n      \u003Cp class=\u0022news-list-title\u0022\u003E\n        \u003Ca href=\u0022\/actualites\/deuxieme-tour-de-lelection-presidentielle-vote-de-dissay\u0022 rel=\u0022bookmark\u0022 title=\u0022Deuxi\u00e8me tour de l\u0026#039;\u00e9lection pr\u00e9sidentielle - vote de Dissay\u0022 class=\u0022news-list-link\u0022\u003E\u003Cspan class=\u0022field field--name-title field--type-string field--label-hidden\u0022\u003EDeuxi\u00e8me tour de l\u0026#039;\u00e9lection pr\u00e9sidentielle - vote de Dissay\u003C\/span\u003E\n\u003C\/a\u003E\n      \u003C\/p\u003E\n    \u003C\/div\u003E\n\n  \u003C\/article\u003E\n\n\t\t\t\t\t\t\t\u003C\/div\u003E\n\n\t\t\t\t\t\t\t\t\t\t\t\t\t\n\t\t\t\t\t\t\t\u003Cdiv class=\u0022column small-12 medium-6 large-3 js-fade-scroll\u0022\u003E\n\t\t\t\t\t\t\t\t\t\n \n  \u003Carticle class=\u0022node node--type-news node--view-mode-news-list\u0022\u003E\n\n    \u003Cdiv class=\u0022news-list-header\u0022\u003E\n            \n            \u003Cdiv class=\u0022field field--name-field-image field--type-image field--label-hidden field__item\u0022\u003E  \u003Cimg loading=\u0022lazy\u0022 class=\u0022field-image-img image-style-news-list\u0022 src=\u0022\/sites\/default\/files\/styles\/news_list\/public\/news_illustrations\/Solidarit%C3%A9%20Ukraine.png?itok=awcq126W\u0022 width=\u0022320\u0022 height=\u0022290\u0022 alt=\u0022Aidez l\u0026#039;Ukraine\u0022 \/\u003E\n\n\n\u003C\/div\u003E\n      \n    \u003C\/div\u003E\n\n    \u003Cdiv class=\u0022news-list-content\u0022\u003E\n      \u003Cdiv class=\u0022news-list-metas\u0022\u003E\n                \n            \u003Cdiv class=\u0022field field--name-field-theme field--type-entity-reference field--label-hidden field__item\u0022\u003ECitoyennet\u00e9 \u0026amp; communication\u003C\/div\u003E\n      \n\n              \u003C\/div\u003E\n\n      \u003Cp class=\u0022news-list-title\u0022\u003E\n        \u003Ca href=\u0022\/actualites\/solidarite-avec-lukraine\u0022 rel=\u0022bookmark\u0022 title=\u0022Solidarit\u00e9 avec l\u0026#039;Ukraine\u0022 class=\u0022news-list-link\u0022\u003E\u003Cspan class=\u0022field field--name-title field--type-string field--label-hidden\u0022\u003ESolidarit\u00e9 avec l\u0026#039;Ukraine\u003C\/span\u003E\n\u003C\/a\u003E\n      \u003C\/p\u003E\n    \u003C\/div\u003E\n\n  \u003C\/article\u003E\n\n\t\t\t\t\t\t\t\u003C\/div\u003E\n\n\t\t\t\t\t\t\t\t\t\t\t\t\t\n\t\t\t\t\t\t\t\u003Cdiv class=\u0022column small-12 medium-6 large-3 js-fade-scroll\u0022\u003E\n\t\t\t\t\t\t\t\t\t\n \n  \u003Carticle class=\u0022node node--type-news node--view-mode-news-list\u0022\u003E\n\n    \u003Cdiv class=\u0022news-list-header\u0022\u003E\n            \n            \u003Cdiv class=\u0022field field--name-field-image field--type-image field--label-hidden field__item\u0022\u003E  \u003Cimg loading=\u0022lazy\u0022 class=\u0022field-image-img image-style-news-list\u0022 src=\u0022\/sites\/default\/files\/styles\/news_list\/public\/news_illustrations\/Ch%C3%A8que%20%C3%A9nergie-IMAGE.png?itok=axJVcVTW\u0022 width=\u0022320\u0022 height=\u0022290\u0022 alt=\u0022Dispositif gouvernemental\u0022 \/\u003E\n\n\n\u003C\/div\u003E\n      \n    \u003C\/div\u003E\n\n    \u003Cdiv class=\u0022news-list-content\u0022\u003E\n      \u003Cdiv class=\u0022news-list-metas\u0022\u003E\n                \n            \u003Cdiv class=\u0022field field--name-field-theme field--type-entity-reference field--label-hidden field__item\u0022\u003ECitoyennet\u00e9 \u0026amp; communication\u003C\/div\u003E\n      \n\n              \u003C\/div\u003E\n\n      \u003Cp class=\u0022news-list-title\u0022\u003E\n        \u003Ca href=\u0022\/actualites\/cheque-energie-utiliser-avant-le-31-mars-2022\u0022 rel=\u0022bookmark\u0022 title=\u0022Ch\u00e8que \u00e9nergie - \u00e0 utiliser avant le 31 mars 2022\u0022 class=\u0022news-list-link\u0022\u003E\u003Cspan class=\u0022field field--name-title field--type-string field--label-hidden\u0022\u003ECh\u00e8que \u00e9nergie - \u00e0 utiliser avant le 31 mars 2022\u003C\/span\u003E\n\u003C\/a\u003E\n      \u003C\/p\u003E\n    \u003C\/div\u003E\n\n  \u003C\/article\u003E\n\n\t\t\t\t\t\t\t\u003C\/div\u003E\n\n\t\t\t\t\t\t\t\t\t\t\t\t\t\n\t\t\t\t\t\t\t\u003Cdiv class=\u0022column small-12 medium-6 large-3 js-fade-scroll\u0022\u003E\n\t\t\t\t\t\t\t\t\t\n \n  \u003Carticle class=\u0022node node--type-news node--view-mode-news-list\u0022\u003E\n\n    \u003Cdiv class=\u0022news-list-header\u0022\u003E\n            \n            \u003Cdiv class=\u0022field field--name-field-image field--type-image field--label-hidden field__item\u0022\u003E  \u003Cimg loading=\u0022lazy\u0022 class=\u0022field-image-img image-style-news-list\u0022 src=\u0022\/sites\/default\/files\/styles\/news_list\/public\/news_illustrations\/Capture%20d%E2%80%99%C3%A9cran%202022-02-01%20103700_0.jpg?itok=Om8SvUQi\u0022 width=\u0022320\u0022 height=\u0022290\u0022 alt=\u0022Couverture du bulletin municipal\u0022 \/\u003E\n\n\n\u003C\/div\u003E\n      \n    \u003C\/div\u003E\n\n    \u003Cdiv class=\u0022news-list-content\u0022\u003E\n      \u003Cdiv class=\u0022news-list-metas\u0022\u003E\n                \n            \u003Cdiv class=\u0022field field--name-field-theme field--type-entity-reference field--label-hidden field__item\u0022\u003ECitoyennet\u00e9 \u0026amp; communication\u003C\/div\u003E\n      \n\n              \u003C\/div\u003E\n\n      \u003Cp class=\u0022news-list-title\u0022\u003E\n        \u003Ca href=\u0022\/actualites\/dissay-les-echos\u0022 rel=\u0022bookmark\u0022 title=\u0022Dissay les \u00c9chos\u0022 class=\u0022news-list-link\u0022\u003E\u003Cspan class=\u0022field field--name-title field--type-string field--label-hidden\u0022\u003EDissay les \u00c9chos\u003C\/span\u003E\n\u003C\/a\u003E\n      \u003C\/p\u003E\n    \u003C\/div\u003E\n\n  \u003C\/article\u003E\n\n\t\t\t\t\t\t\t\u003C\/div\u003E\n\n\t\t\t\t\t\t\t\t\t\t\t\t\t\n\t\t\t\t\t\t\t\u003Cdiv class=\u0022column small-12 medium-6 large-3 js-fade-scroll\u0022\u003E\n\t\t\t\t\t\t\t\t\t\n \n  \u003Carticle class=\u0022node node--type-news node--view-mode-news-list\u0022\u003E\n\n    \u003Cdiv class=\u0022news-list-header\u0022\u003E\n            \n            \u003Cdiv class=\u0022field field--name-field-image field--type-image field--label-hidden field__item\u0022\u003E  \u003Cimg loading=\u0022lazy\u0022 class=\u0022field-image-img image-style-news-list\u0022 src=\u0022\/sites\/default\/files\/styles\/news_list\/public\/news_illustrations\/Capture.JPG?itok=XE7rJyVF\u0022 width=\u0022320\u0022 height=\u0022290\u0022 alt=\u0022Exemple de panneau publicitaire\u0022 \/\u003E\n\n\n\u003C\/div\u003E\n      \n    \u003C\/div\u003E\n\n    \u003Cdiv class=\u0022news-list-content\u0022\u003E\n      \u003Cdiv class=\u0022news-list-metas\u0022\u003E\n                \n            \u003Cdiv class=\u0022field field--name-field-theme field--type-entity-reference field--label-hidden field__item\u0022\u003ECitoyennet\u00e9 \u0026amp; communication\u003C\/div\u003E\n      \n\n              \u003C\/div\u003E\n\n      \u003Cp class=\u0022news-list-title\u0022\u003E\n        \u003Ca href=\u0022\/actualites\/reglement-local-de-publicite-intercommunal\u0022 rel=\u0022bookmark\u0022 title=\u0022R\u00e9glement Local de Publicit\u00e9 Intercommunal\u0022 class=\u0022news-list-link\u0022\u003E\u003Cspan class=\u0022field field--name-title field--type-string field--label-hidden\u0022\u003ER\u00e9glement Local de Publicit\u00e9 Intercommunal\u003C\/span\u003E\n\u003C\/a\u003E\n      \u003C\/p\u003E\n    \u003C\/div\u003E\n\n  \u003C\/article\u003E\n\n\t\t\t\t\t\t\t\u003C\/div\u003E\n\n\t\t\t\t\t\t\t\t\t\t\t\t\t\n\t\t\t\t\t\t\t\u003Cdiv class=\u0022column small-12 medium-6 large-3 js-fade-scroll\u0022\u003E\n\t\t\t\t\t\t\t\t\t\n \n  \u003Carticle class=\u0022node node--type-news node--view-mode-news-list\u0022\u003E\n\n    \u003Cdiv class=\u0022news-list-header\u0022\u003E\n            \n            \u003Cdiv class=\u0022field field--name-field-image field--type-image field--label-hidden field__item\u0022\u003E  \u003Cimg loading=\u0022lazy\u0022 class=\u0022field-image-img image-style-news-list\u0022 src=\u0022\/sites\/default\/files\/styles\/news_list\/public\/news_illustrations\/Carte-voeux_2022_BD_Page_1.jpg?itok=n0T1AU86\u0022 width=\u0022320\u0022 height=\u0022290\u0022 alt=\u0022Carte de voeux 2022 de la municipalit\u00e9 de Dissay\u0022 \/\u003E\n\n\n\u003C\/div\u003E\n      \n    \u003C\/div\u003E\n\n    \u003Cdiv class=\u0022news-list-content\u0022\u003E\n      \u003Cdiv class=\u0022news-list-metas\u0022\u003E\n                \n            \u003Cdiv class=\u0022field field--name-field-theme field--type-entity-reference field--label-hidden field__item\u0022\u003ECitoyennet\u00e9 \u0026amp; communication\u003C\/div\u003E\n      \n\n              \u003C\/div\u003E\n\n      \u003Cp class=\u0022news-list-title\u0022\u003E\n        \u003Ca href=\u0022\/actualites\/voeux-2022\u0022 rel=\u0022bookmark\u0022 title=\u0022V\u0153ux 2022\u0022 class=\u0022news-list-link\u0022\u003E\u003Cspan class=\u0022field field--name-title field--type-string field--label-hidden\u0022\u003EV\u0153ux 2022\u003C\/span\u003E\n\u003C\/a\u003E\n      \u003C\/p\u003E\n    \u003C\/div\u003E\n\n  \u003C\/article\u003E\n\n\t\t\t\t\t\t\t\u003C\/div\u003E\n\n\t\t\t\t\t\t\t\t\t\t\t\t\t\n\t\t\t\t\t\t\t\u003Cdiv class=\u0022column small-12 medium-6 large-3 js-fade-scroll\u0022\u003E\n\t\t\t\t\t\t\t\t\t\n \n  \u003Carticle class=\u0022node node--type-news node--view-mode-news-list\u0022\u003E\n\n    \u003Cdiv class=\u0022news-list-header\u0022\u003E\n            \n            \u003Cdiv class=\u0022field field--name-field-image field--type-image field--label-hidden field__item\u0022\u003E  \u003Cimg loading=\u0022lazy\u0022 class=\u0022field-image-img image-style-news-list\u0022 src=\u0022\/sites\/default\/files\/styles\/news_list\/public\/news_illustrations\/Couv.JPG?itok=YrYB9a4m\u0022 width=\u0022320\u0022 height=\u0022290\u0022 alt=\u0022Couverture de l\u0026#039;agenda 2022 de Dissay\u0022 \/\u003E\n\n\n\u003C\/div\u003E\n      \n    \u003C\/div\u003E\n\n    \u003Cdiv class=\u0022news-list-content\u0022\u003E\n      \u003Cdiv class=\u0022news-list-metas\u0022\u003E\n                \n            \u003Cdiv class=\u0022field field--name-field-theme field--type-entity-reference field--label-hidden field__item\u0022\u003ECitoyennet\u00e9 \u0026amp; communication\u003C\/div\u003E\n      \n\n              \u003C\/div\u003E\n\n      \u003Cp class=\u0022news-list-title\u0022\u003E\n        \u003Ca href=\u0022\/actualites\/lagenda-2022-de-dissay\u0022 rel=\u0022bookmark\u0022 title=\u0022L\u0026#039;agenda 2022 de Dissay\u0022 class=\u0022news-list-link\u0022\u003E\u003Cspan class=\u0022field field--name-title field--type-string field--label-hidden\u0022\u003EL\u0026#039;agenda 2022 de Dissay\u003C\/span\u003E\n\u003C\/a\u003E\n      \u003C\/p\u003E\n    \u003C\/div\u003E\n\n  \u003C\/article\u003E\n\n\t\t\t\t\t\t\t\u003C\/div\u003E\n\n\t\t\t\t\t\t\t\t\t\t\t\t\t\n\t\t\t\t\t\t\t\u003Cdiv class=\u0022column small-12 medium-6 large-3 js-fade-scroll\u0022\u003E\n\t\t\t\t\t\t\t\t\t\n \n  \u003Carticle class=\u0022node node--type-news node--view-mode-news-list\u0022\u003E\n\n    \u003Cdiv class=\u0022news-list-header\u0022\u003E\n            \n            \u003Cdiv class=\u0022field field--name-field-image field--type-image field--label-hidden field__item\u0022\u003E  \u003Cimg loading=\u0022lazy\u0022 class=\u0022field-image-img image-style-news-list\u0022 src=\u0022\/sites\/default\/files\/styles\/news_list\/public\/news_illustrations\/mairie.jpg?itok=6_Jh2MW7\u0022 width=\u0022320\u0022 height=\u0022290\u0022 alt=\u0022mairie de Dissay\u0022 \/\u003E\n\n\n\u003C\/div\u003E\n      \n    \u003C\/div\u003E\n\n    \u003Cdiv class=\u0022news-list-content\u0022\u003E\n      \u003Cdiv class=\u0022news-list-metas\u0022\u003E\n                \n            \u003Cdiv class=\u0022field field--name-field-theme field--type-entity-reference field--label-hidden field__item\u0022\u003ECitoyennet\u00e9 \u0026amp; communication\u003C\/div\u003E\n      \n\n              \u003C\/div\u003E\n\n      \u003Cp class=\u0022news-list-title\u0022\u003E\n        \u003Ca href=\u0022\/actualites\/services-municipaux-les-24-et-31-decembre\u0022 rel=\u0022bookmark\u0022 title=\u0022Services municipaux les 24 et 31 d\u00e9cembre\u0022 class=\u0022news-list-link\u0022\u003E\u003Cspan class=\u0022field field--name-title field--type-string field--label-hidden\u0022\u003EServices municipaux les 24 et 31 d\u00e9cembre\u003C\/span\u003E\n\u003C\/a\u003E\n      \u003C\/p\u003E\n    \u003C\/div\u003E\n\n  \u003C\/article\u003E\n\n\t\t\t\t\t\t\t\u003C\/div\u003E\n\n\t\t\t\t\t\t\t\t\t\t\t\t\t\n\t\t\t\t\t\t\t\u003Cdiv class=\u0022column small-12 medium-6 large-3 js-fade-scroll\u0022\u003E\n\t\t\t\t\t\t\t\t\t\n \n  \u003Carticle class=\u0022node node--type-news node--view-mode-news-list\u0022\u003E\n\n    \u003Cdiv class=\u0022news-list-header\u0022\u003E\n            \n            \u003Cdiv class=\u0022field field--name-field-image field--type-image field--label-hidden field__item\u0022\u003E  \u003Cimg loading=\u0022lazy\u0022 class=\u0022field-image-img image-style-news-list\u0022 src=\u0022\/sites\/default\/files\/styles\/news_list\/public\/news_illustrations\/IMG_20211124_151959%5B2%5D.jpg?itok=Oi9ofhwK\u0022 width=\u0022320\u0022 height=\u0022290\u0022 alt=\u0022R\u00e9union de travail avec la pr\u00e9f\u00e8te\u0022 \/\u003E\n\n\n\u003C\/div\u003E\n      \n    \u003C\/div\u003E\n\n    \u003Cdiv class=\u0022news-list-content\u0022\u003E\n      \u003Cdiv class=\u0022news-list-metas\u0022\u003E\n                \n            \u003Cdiv class=\u0022field field--name-field-theme field--type-entity-reference field--label-hidden field__item\u0022\u003ECitoyennet\u00e9 \u0026amp; communication\u003C\/div\u003E\n      \n\n              \u003C\/div\u003E\n\n      \u003Cp class=\u0022news-list-title\u0022\u003E\n        \u003Ca href=\u0022\/actualites\/dissay-recoit-madame-la-prefete-de-la-vienne\u0022 rel=\u0022bookmark\u0022 title=\u0022Dissay re\u00e7oit Madame la Pr\u00e9f\u00e8te de la Vienne\u0022 class=\u0022news-list-link\u0022\u003E\u003Cspan class=\u0022field field--name-title field--type-string field--label-hidden\u0022\u003EDissay re\u00e7oit Madame la Pr\u00e9f\u00e8te de la Vienne\u003C\/span\u003E\n\u003C\/a\u003E\n      \u003C\/p\u003E\n    \u003C\/div\u003E\n\n  \u003C\/article\u003E\n\n\t\t\t\t\t\t\t\u003C\/div\u003E\n\n\t\t\t\t\t\t\t\t\t\t\t\t\t\n\t\t\t\t\t\t\t\u003Cdiv class=\u0022column small-12 medium-6 large-3 js-fade-scroll\u0022\u003E\n\t\t\t\t\t\t\t\t\t\n \n  \u003Carticle class=\u0022node node--type-news node--view-mode-news-list\u0022\u003E\n\n    \u003Cdiv class=\u0022news-list-header\u0022\u003E\n            \n            \u003Cdiv class=\u0022field field--name-field-image field--type-image field--label-hidden field__item\u0022\u003E  \u003Cimg loading=\u0022lazy\u0022 class=\u0022field-image-img image-style-news-list\u0022 src=\u0022\/sites\/default\/files\/styles\/news_list\/public\/news_illustrations\/Couverture_flyer_7.jpg?itok=a4UxGeht\u0022 width=\u0022320\u0022 height=\u0022290\u0022 alt=\u0022Conseil de d\u00e9veloppement de Grand Poitiers\u0022 \/\u003E\n\n\n\u003C\/div\u003E\n      \n    \u003C\/div\u003E\n\n    \u003Cdiv class=\u0022news-list-content\u0022\u003E\n      \u003Cdiv class=\u0022news-list-metas\u0022\u003E\n                \n            \u003Cdiv class=\u0022field field--name-field-theme field--type-entity-reference field--label-hidden field__item\u0022\u003ECitoyennet\u00e9 \u0026amp; communication\u003C\/div\u003E\n      \n\n              \u003C\/div\u003E\n\n      \u003Cp class=\u0022news-list-title\u0022\u003E\n        \u003Ca href=\u0022\/actualites\/participez-au-conseil-de-developpement-de-grand-poitiers\u0022 rel=\u0022bookmark\u0022 title=\u0022Participez au Conseil de d\u00e9veloppement de Grand Poitiers\u0022 class=\u0022news-list-link\u0022\u003E\u003Cspan class=\u0022field field--name-title field--type-string field--label-hidden\u0022\u003EParticipez au Conseil de d\u00e9veloppement de Grand Poitiers\u003C\/span\u003E\n\u003C\/a\u003E\n      \u003C\/p\u003E\n    \u003C\/div\u003E\n\n  \u003C\/article\u003E\n\n\t\t\t\t\t\t\t\u003C\/div\u003E\n\n\t\t\t\t\t\t\t\t\t\t\t\t\t\n\t\t\t\t\t\t\t\u003Cdiv class=\u0022column small-12 medium-6 large-3 js-fade-scroll\u0022\u003E\n\t\t\t\t\t\t\t\t\t\n \n  \u003Carticle class=\u0022node node--type-news node--view-mode-news-list\u0022\u003E\n\n    \u003Cdiv class=\u0022news-list-header\u0022\u003E\n            \n            \u003Cdiv class=\u0022field field--name-field-image field--type-image field--label-hidden field__item\u0022\u003E  \u003Cimg loading=\u0022lazy\u0022 class=\u0022field-image-img image-style-news-list\u0022 src=\u0022\/sites\/default\/files\/styles\/news_list\/public\/news_illustrations\/Transport_solidaire.jpg?itok=7JkHMMWx\u0022 width=\u0022320\u0022 height=\u0022290\u0022 alt=\u0022Vue d\u0026#039;un conducteur\u0022 \/\u003E\n\n\n\u003C\/div\u003E\n      \n    \u003C\/div\u003E\n\n    \u003Cdiv class=\u0022news-list-content\u0022\u003E\n      \u003Cdiv class=\u0022news-list-metas\u0022\u003E\n                \n            \u003Cdiv class=\u0022field field--name-field-theme field--type-entity-reference field--label-hidden field__item\u0022\u003ECitoyennet\u00e9 \u0026amp; communication\u003C\/div\u003E\n      \n\n              \u003C\/div\u003E\n\n      \u003Cp class=\u0022news-list-title\u0022\u003E\n        \u003Ca href=\u0022\/actualites\/le-transport-solidaire-en-route\u0022 rel=\u0022bookmark\u0022 title=\u0022le transport solidaire en route !\u0022 class=\u0022news-list-link\u0022\u003E\u003Cspan class=\u0022field field--name-title field--type-string field--label-hidden\u0022\u003Ele transport solidaire en route !\u003C\/span\u003E\n\u003C\/a\u003E\n      \u003C\/p\u003E\n    \u003C\/div\u003E\n\n  \u003C\/article\u003E\n\n\t\t\t\t\t\t\t\u003C\/div\u003E\n\n\t\t\t\t\t\t\t\t\t\t\t\t\t\n\t\t\t\t\t\t\t\u003Cdiv class=\u0022column small-12 medium-6 large-3 js-fade-scroll\u0022\u003E\n\t\t\t\t\t\t\t\t\t\n \n  \u003Carticle class=\u0022node node--type-news node--view-mode-news-list\u0022\u003E\n\n    \u003Cdiv class=\u0022news-list-header\u0022\u003E\n            \n            \u003Cdiv class=\u0022field field--name-field-image field--type-image field--label-hidden field__item\u0022\u003E  \u003Cimg loading=\u0022lazy\u0022 class=\u0022field-image-img image-style-news-list\u0022 src=\u0022\/sites\/default\/files\/styles\/news_list\/public\/news_illustrations\/DLE_Couv.JPG?itok=ivZ6Mk9l\u0022 width=\u0022320\u0022 height=\u0022290\u0022 alt=\u0022Couverture du bulletin municipa Dissay les \u00c9chos\u0022 \/\u003E\n\n\n\u003C\/div\u003E\n      \n    \u003C\/div\u003E\n\n    \u003Cdiv class=\u0022news-list-content\u0022\u003E\n      \u003Cdiv class=\u0022news-list-metas\u0022\u003E\n                \n            \u003Cdiv class=\u0022field field--name-field-theme field--type-entity-reference field--label-hidden field__item\u0022\u003ECitoyennet\u00e9 \u0026amp; communication\u003C\/div\u003E\n      \n\n              \u003C\/div\u003E\n\n      \u003Cp class=\u0022news-list-title\u0022\u003E\n        \u003Ca href=\u0022\/actualites\/un-nouveau-dissay-les-echos-vient-de-paraitre\u0022 rel=\u0022bookmark\u0022 title=\u0022Un nouveau Dissay les \u00c9chos vient de para\u00eetre \u0022 class=\u0022news-list-link\u0022\u003E\u003Cspan class=\u0022field field--name-title field--type-string field--label-hidden\u0022\u003EUn nouveau Dissay les \u00c9chos vient de para\u00eetre \u003C\/span\u003E\n\u003C\/a\u003E\n      \u003C\/p\u003E\n    \u003C\/div\u003E\n\n  \u003C\/article\u003E\n\n\t\t\t\t\t\t\t\u003C\/div\u003E\n\n\t\t\t\t\t\t\n\t\t\t\t\t\t\t\t\t\t\t\t\u003Cdiv class=\u0022column small-12 js-fade-scroll\u0022\u003E\n\t\t\t\t\t\t\t\n\t\t\t\t\t\t\u003C\/div\u003E\n\n\t\t\t\t\t\u003C\/div\u003E\n\n\t\t\t\t\t\t\t\u003C\/div\u003E\n\t\t\u003C\/div\u003E\n\t\u003C\/div\u003E\n\u003C\/div\u003E\n\n","settings":null}]